{"id":1523,"date":"2010-09-01T23:54:27","date_gmt":"2010-09-01T22:54:27","guid":{"rendered":"http:\/\/foto.amu.cz\/archiv\/?p=1523"},"modified":"2016-05-29T22:19:31","modified_gmt":"2016-05-29T21:19:31","slug":"miskovska-vanda","status":"publish","type":"post","link":"https:\/\/photography.famu.cz\/archiv\/?p=1523","title":{"rendered":"Mi\u0161kovsk\u00e1 Vanda"},"content":{"rendered":"<p><strong><em>Sedmdes\u00e1tky<\/em><\/strong><\/p>\n<p><!--more--><\/p>\n<div id='gallery-1' class='gallery galleryid-1523 gallery-columns-1 gallery-size-full'><figure class='gallery-item'>\n\t\t\t<div class='gallery-icon landscape'>\n\t\t\t\t<img loading=\"lazy\" decoding=\"async\" width=\"2000\" height=\"1333\" src=\"https:\/\/photography.famu.cz\/archiv\/wp-content\/uploads\/2016\/03\/IMG_0805X.jpg\" class=\"attachment-full size-full\" alt=\"\" aria-describedby=\"gallery-1-1524\" srcset=\"https:\/\/photography.famu.cz\/archiv\/wp-content\/uploads\/2016\/03\/IMG_0805X.jpg 2000w, https:\/\/photography.famu.cz\/archiv\/wp-content\/uploads\/2016\/03\/IMG_0805X-300x200.jpg 300w, https:\/\/photography.famu.cz\/archiv\/wp-content\/uploads\/2016\/03\/IMG_0805X-845x563.jpg 845w\" sizes=\"(max-width: 2000px) 100vw, 2000px\" \/>\n\t\t\t<\/div>\n\t\t\t\t<figcaption class='wp-caption-text gallery-caption' id='gallery-1-1524'>\n\t\t\t\t0090-01-05-FAMU\n\t\t\t\t<\/figcaption><\/figure><figure class='gallery-item'>\n\t\t\t<div class='gallery-icon landscape'>\n\t\t\t\t<img loading=\"lazy\" decoding=\"async\" width=\"2000\" height=\"1333\" src=\"https:\/\/photography.famu.cz\/archiv\/wp-content\/uploads\/2016\/03\/IMG_1387_CESTY.jpg\" class=\"attachment-full size-full\" alt=\"\" aria-describedby=\"gallery-1-1525\" srcset=\"https:\/\/photography.famu.cz\/archiv\/wp-content\/uploads\/2016\/03\/IMG_1387_CESTY.jpg 2000w, https:\/\/photography.famu.cz\/archiv\/wp-content\/uploads\/2016\/03\/IMG_1387_CESTY-300x200.jpg 300w, https:\/\/photography.famu.cz\/archiv\/wp-content\/uploads\/2016\/03\/IMG_1387_CESTY-845x563.jpg 845w\" sizes=\"(max-width: 2000px) 100vw, 2000px\" \/>\n\t\t\t<\/div>\n\t\t\t\t<figcaption class='wp-caption-text gallery-caption' id='gallery-1-1525'>\n\t\t\t\t0090-02-05-FAMU\n\t\t\t\t<\/figcaption><\/figure><figure class='gallery-item'>\n\t\t\t<div class='gallery-icon landscape'>\n\t\t\t\t<img loading=\"lazy\" decoding=\"async\" width=\"2000\" height=\"1333\" src=\"https:\/\/photography.famu.cz\/archiv\/wp-content\/uploads\/2016\/03\/IMG_1816X.jpg\" class=\"attachment-full size-full\" alt=\"\" aria-describedby=\"gallery-1-1526\" srcset=\"https:\/\/photography.famu.cz\/archiv\/wp-content\/uploads\/2016\/03\/IMG_1816X.jpg 2000w, https:\/\/photography.famu.cz\/archiv\/wp-content\/uploads\/2016\/03\/IMG_1816X-300x200.jpg 300w, https:\/\/photography.famu.cz\/archiv\/wp-content\/uploads\/2016\/03\/IMG_1816X-845x563.jpg 845w\" sizes=\"(max-width: 2000px) 100vw, 2000px\" \/>\n\t\t\t<\/div>\n\t\t\t\t<figcaption class='wp-caption-text gallery-caption' id='gallery-1-1526'>\n\t\t\t\t0090-03-05-FAMU\n\t\t\t\t<\/figcaption><\/figure><figure class='gallery-item'>\n\t\t\t<div class='gallery-icon landscape'>\n\t\t\t\t<img loading=\"lazy\" decoding=\"async\" width=\"2000\" height=\"1333\" src=\"https:\/\/photography.famu.cz\/archiv\/wp-content\/uploads\/2016\/03\/IMG_2666.jpg\" class=\"attachment-full size-full\" alt=\"\" aria-describedby=\"gallery-1-1527\" srcset=\"https:\/\/photography.famu.cz\/archiv\/wp-content\/uploads\/2016\/03\/IMG_2666.jpg 2000w, https:\/\/photography.famu.cz\/archiv\/wp-content\/uploads\/2016\/03\/IMG_2666-300x200.jpg 300w, https:\/\/photography.famu.cz\/archiv\/wp-content\/uploads\/2016\/03\/IMG_2666-845x563.jpg 845w\" sizes=\"(max-width: 2000px) 100vw, 2000px\" \/>\n\t\t\t<\/div>\n\t\t\t\t<figcaption class='wp-caption-text gallery-caption' id='gallery-1-1527'>\n\t\t\t\t0090-04-05-FAMU\n\t\t\t\t<\/figcaption><\/figure><figure class='gallery-item'>\n\t\t\t<div class='gallery-icon landscape'>\n\t\t\t\t<img loading=\"lazy\" decoding=\"async\" width=\"2000\" height=\"1333\" src=\"https:\/\/photography.famu.cz\/archiv\/wp-content\/uploads\/2016\/03\/IMG_2781X.jpg\" class=\"attachment-full size-full\" alt=\"\" aria-describedby=\"gallery-1-1528\" srcset=\"https:\/\/photography.famu.cz\/archiv\/wp-content\/uploads\/2016\/03\/IMG_2781X.jpg 2000w, https:\/\/photography.famu.cz\/archiv\/wp-content\/uploads\/2016\/03\/IMG_2781X-300x200.jpg 300w, https:\/\/photography.famu.cz\/archiv\/wp-content\/uploads\/2016\/03\/IMG_2781X-845x563.jpg 845w\" sizes=\"(max-width: 2000px) 100vw, 2000px\" \/>\n\t\t\t<\/div>\n\t\t\t\t<figcaption class='wp-caption-text gallery-caption' id='gallery-1-1528'>\n\t\t\t\t0090-05-05-FAMU\n\t\t\t\t<\/figcaption><\/figure>\n\t\t<\/div>\n\n","protected":false},"excerpt":{"rendered":"<p>Sedmdes\u00e1tky<\/p>\n","protected":false},"author":1,"featured_media":0,"comment_status":"closed","ping_status":"closed","sticky":false,"template":"","format":"standard","meta":{"footnotes":""},"categories":[24,40],"tags":[],"_links":{"self":[{"href":"https:\/\/photography.famu.cz\/archiv\/index.php?rest_route=\/wp\/v2\/posts\/1523"}],"collection":[{"href":"https:\/\/photography.famu.cz\/archiv\/index.php?rest_route=\/wp\/v2\/posts"}],"about":[{"href":"https:\/\/photography.famu.cz\/archiv\/index.php?rest_route=\/wp\/v2\/types\/post"}],"author":[{"embeddable":true,"href":"https:\/\/photography.famu.cz\/archiv\/index.php?rest_route=\/wp\/v2\/users\/1"}],"replies":[{"embeddable":true,"href":"https:\/\/photography.famu.cz\/archiv\/index.php?rest_route=%2Fwp%2Fv2%2Fcomments&post=1523"}],"version-history":[{"count":2,"href":"https:\/\/photography.famu.cz\/archiv\/index.php?rest_route=\/wp\/v2\/posts\/1523\/revisions"}],"predecessor-version":[{"id":2408,"href":"https:\/\/photography.famu.cz\/archiv\/index.php?rest_route=\/wp\/v2\/posts\/1523\/revisions\/2408"}],"wp:attachment":[{"href":"https:\/\/photography.famu.cz\/archiv\/index.php?rest_route=%2Fwp%2Fv2%2Fmedia&parent=1523"}],"wp:term":[{"taxonomy":"category","embeddable":true,"href":"https:\/\/photography.famu.cz\/archiv\/index.php?rest_route=%2Fwp%2Fv2%2Fcategories&post=1523"},{"taxonomy":"post_tag","embeddable":true,"href":"https:\/\/photography.famu.cz\/archiv\/index.php?rest_route=%2Fwp%2Fv2%2Ftags&post=1523"}],"curies":[{"name":"wp","href":"https:\/\/api.w.org\/{rel}","templated":true}]}}