{"id":1715,"date":"2011-10-03T23:42:41","date_gmt":"2011-10-03T22:42:41","guid":{"rendered":"http:\/\/foto.amu.cz\/archiv\/?p=1715"},"modified":"2016-05-29T22:04:34","modified_gmt":"2016-05-29T21:04:34","slug":"sigut-vladimir-2","status":"publish","type":"post","link":"https:\/\/photography.famu.cz\/archiv\/?p=1715","title":{"rendered":"\u0160igut Vladim\u00edr"},"content":{"rendered":"<p><em><strong>Z\u00e1znamy<\/strong><\/em><\/p>\n<p><!--more--><\/p>\n<div id='gallery-1' class='gallery galleryid-1715 gallery-columns-1 gallery-size-full'><figure class='gallery-item'>\n\t\t\t<div class='gallery-icon landscape'>\n\t\t\t\t<img loading=\"lazy\" decoding=\"async\" width=\"800\" height=\"595\" src=\"https:\/\/photography.famu.cz\/archiv\/wp-content\/uploads\/2016\/03\/0106_01_03_FAMU.jpg\" class=\"attachment-full size-full\" alt=\"\" aria-describedby=\"gallery-1-1716\" srcset=\"https:\/\/photography.famu.cz\/archiv\/wp-content\/uploads\/2016\/03\/0106_01_03_FAMU.jpg 800w, https:\/\/photography.famu.cz\/archiv\/wp-content\/uploads\/2016\/03\/0106_01_03_FAMU-300x223.jpg 300w\" sizes=\"(max-width: 800px) 100vw, 800px\" \/>\n\t\t\t<\/div>\n\t\t\t\t<figcaption class='wp-caption-text gallery-caption' id='gallery-1-1716'>\n\t\t\t\t0106_01_03_FAMU\n\t\t\t\t<\/figcaption><\/figure><figure class='gallery-item'>\n\t\t\t<div class='gallery-icon landscape'>\n\t\t\t\t<img loading=\"lazy\" decoding=\"async\" width=\"800\" height=\"598\" src=\"https:\/\/photography.famu.cz\/archiv\/wp-content\/uploads\/2016\/03\/0106_02_03_FAMU.jpg\" class=\"attachment-full size-full\" alt=\"\" aria-describedby=\"gallery-1-1717\" srcset=\"https:\/\/photography.famu.cz\/archiv\/wp-content\/uploads\/2016\/03\/0106_02_03_FAMU.jpg 800w, https:\/\/photography.famu.cz\/archiv\/wp-content\/uploads\/2016\/03\/0106_02_03_FAMU-300x224.jpg 300w\" sizes=\"(max-width: 800px) 100vw, 800px\" \/>\n\t\t\t<\/div>\n\t\t\t\t<figcaption class='wp-caption-text gallery-caption' id='gallery-1-1717'>\n\t\t\t\t0106_02_03_FAMU\n\t\t\t\t<\/figcaption><\/figure><figure class='gallery-item'>\n\t\t\t<div class='gallery-icon landscape'>\n\t\t\t\t<img loading=\"lazy\" decoding=\"async\" width=\"800\" height=\"575\" src=\"https:\/\/photography.famu.cz\/archiv\/wp-content\/uploads\/2016\/03\/0106_03_03_FAMU.jpg\" class=\"attachment-full size-full\" alt=\"\" aria-describedby=\"gallery-1-1718\" srcset=\"https:\/\/photography.famu.cz\/archiv\/wp-content\/uploads\/2016\/03\/0106_03_03_FAMU.jpg 800w, https:\/\/photography.famu.cz\/archiv\/wp-content\/uploads\/2016\/03\/0106_03_03_FAMU-300x216.jpg 300w\" sizes=\"(max-width: 800px) 100vw, 800px\" \/>\n\t\t\t<\/div>\n\t\t\t\t<figcaption class='wp-caption-text gallery-caption' id='gallery-1-1718'>\n\t\t\t\t0106_03_03_FAMU\n\t\t\t\t<\/figcaption><\/figure>\n\t\t<\/div>\n\n","protected":false},"excerpt":{"rendered":"<p>Z\u00e1znamy<\/p>\n","protected":false},"author":1,"featured_media":0,"comment_status":"closed","ping_status":"closed","sticky":false,"template":"","format":"standard","meta":{"footnotes":""},"categories":[23,43],"tags":[],"_links":{"self":[{"href":"https:\/\/photography.famu.cz\/archiv\/index.php?rest_route=\/wp\/v2\/posts\/1715"}],"collection":[{"href":"https:\/\/photography.famu.cz\/archiv\/index.php?rest_route=\/wp\/v2\/posts"}],"about":[{"href":"https:\/\/photography.famu.cz\/archiv\/index.php?rest_route=\/wp\/v2\/types\/post"}],"author":[{"embeddable":true,"href":"https:\/\/photography.famu.cz\/archiv\/index.php?rest_route=\/wp\/v2\/users\/1"}],"replies":[{"embeddable":true,"href":"https:\/\/photography.famu.cz\/archiv\/index.php?rest_route=%2Fwp%2Fv2%2Fcomments&post=1715"}],"version-history":[{"count":2,"href":"https:\/\/photography.famu.cz\/archiv\/index.php?rest_route=\/wp\/v2\/posts\/1715\/revisions"}],"predecessor-version":[{"id":2397,"href":"https:\/\/photography.famu.cz\/archiv\/index.php?rest_route=\/wp\/v2\/posts\/1715\/revisions\/2397"}],"wp:attachment":[{"href":"https:\/\/photography.famu.cz\/archiv\/index.php?rest_route=%2Fwp%2Fv2%2Fmedia&parent=1715"}],"wp:term":[{"taxonomy":"category","embeddable":true,"href":"https:\/\/photography.famu.cz\/archiv\/index.php?rest_route=%2Fwp%2Fv2%2Fcategories&post=1715"},{"taxonomy":"post_tag","embeddable":true,"href":"https:\/\/photography.famu.cz\/archiv\/index.php?rest_route=%2Fwp%2Fv2%2Ftags&post=1715"}],"curies":[{"name":"wp","href":"https:\/\/api.w.org\/{rel}","templated":true}]}}