{"id":1797,"date":"2012-09-07T22:53:06","date_gmt":"2012-09-07T21:53:06","guid":{"rendered":"http:\/\/foto.amu.cz\/archiv\/?p=1797"},"modified":"2016-05-20T23:07:12","modified_gmt":"2016-05-20T22:07:12","slug":"vosickova-kasparova-adela","status":"publish","type":"post","link":"https:\/\/photography.famu.cz\/archiv\/?p=1797","title":{"rendered":"Vosi\u010dkov\u00e1 &#8211; Ka\u0161parov\u00e1 Ad\u00e9la"},"content":{"rendered":"<p><em><strong>Les Radicelles<\/strong><\/em><\/p>\n<p><!--more--><\/p>\n<div id='gallery-1' class='gallery galleryid-1797 gallery-columns-1 gallery-size-full'><figure class='gallery-item'>\n\t\t\t<div class='gallery-icon landscape'>\n\t\t\t\t<img loading=\"lazy\" decoding=\"async\" width=\"800\" height=\"800\" src=\"https:\/\/photography.famu.cz\/archiv\/wp-content\/uploads\/2016\/03\/0114_01_05_FAMU.jpg\" class=\"attachment-full size-full\" alt=\"\" aria-describedby=\"gallery-1-1798\" srcset=\"https:\/\/photography.famu.cz\/archiv\/wp-content\/uploads\/2016\/03\/0114_01_05_FAMU.jpg 800w, https:\/\/photography.famu.cz\/archiv\/wp-content\/uploads\/2016\/03\/0114_01_05_FAMU-150x150.jpg 150w, https:\/\/photography.famu.cz\/archiv\/wp-content\/uploads\/2016\/03\/0114_01_05_FAMU-300x300.jpg 300w\" sizes=\"(max-width: 800px) 100vw, 800px\" \/>\n\t\t\t<\/div>\n\t\t\t\t<figcaption class='wp-caption-text gallery-caption' id='gallery-1-1798'>\n\t\t\t\t0114_01_05_FAMU\n\t\t\t\t<\/figcaption><\/figure><figure class='gallery-item'>\n\t\t\t<div class='gallery-icon landscape'>\n\t\t\t\t<img loading=\"lazy\" decoding=\"async\" width=\"800\" height=\"800\" src=\"https:\/\/photography.famu.cz\/archiv\/wp-content\/uploads\/2016\/03\/0114_02_05_FAMU.jpg\" class=\"attachment-full size-full\" alt=\"\" aria-describedby=\"gallery-1-1799\" srcset=\"https:\/\/photography.famu.cz\/archiv\/wp-content\/uploads\/2016\/03\/0114_02_05_FAMU.jpg 800w, https:\/\/photography.famu.cz\/archiv\/wp-content\/uploads\/2016\/03\/0114_02_05_FAMU-150x150.jpg 150w, https:\/\/photography.famu.cz\/archiv\/wp-content\/uploads\/2016\/03\/0114_02_05_FAMU-300x300.jpg 300w\" sizes=\"(max-width: 800px) 100vw, 800px\" \/>\n\t\t\t<\/div>\n\t\t\t\t<figcaption class='wp-caption-text gallery-caption' id='gallery-1-1799'>\n\t\t\t\t0114_02_05_FAMU\n\t\t\t\t<\/figcaption><\/figure><figure class='gallery-item'>\n\t\t\t<div class='gallery-icon landscape'>\n\t\t\t\t<img loading=\"lazy\" decoding=\"async\" width=\"800\" height=\"800\" src=\"https:\/\/photography.famu.cz\/archiv\/wp-content\/uploads\/2016\/03\/0114_03_05_FAMU.jpg\" class=\"attachment-full size-full\" alt=\"\" aria-describedby=\"gallery-1-1800\" srcset=\"https:\/\/photography.famu.cz\/archiv\/wp-content\/uploads\/2016\/03\/0114_03_05_FAMU.jpg 800w, https:\/\/photography.famu.cz\/archiv\/wp-content\/uploads\/2016\/03\/0114_03_05_FAMU-150x150.jpg 150w, https:\/\/photography.famu.cz\/archiv\/wp-content\/uploads\/2016\/03\/0114_03_05_FAMU-300x300.jpg 300w\" sizes=\"(max-width: 800px) 100vw, 800px\" \/>\n\t\t\t<\/div>\n\t\t\t\t<figcaption class='wp-caption-text gallery-caption' id='gallery-1-1800'>\n\t\t\t\t0114_03_05_FAMU\n\t\t\t\t<\/figcaption><\/figure><figure class='gallery-item'>\n\t\t\t<div class='gallery-icon landscape'>\n\t\t\t\t<img loading=\"lazy\" decoding=\"async\" width=\"800\" height=\"800\" src=\"https:\/\/photography.famu.cz\/archiv\/wp-content\/uploads\/2016\/03\/0114_04_05_FAMU.jpg\" class=\"attachment-full size-full\" alt=\"\" aria-describedby=\"gallery-1-1801\" srcset=\"https:\/\/photography.famu.cz\/archiv\/wp-content\/uploads\/2016\/03\/0114_04_05_FAMU.jpg 800w, https:\/\/photography.famu.cz\/archiv\/wp-content\/uploads\/2016\/03\/0114_04_05_FAMU-150x150.jpg 150w, https:\/\/photography.famu.cz\/archiv\/wp-content\/uploads\/2016\/03\/0114_04_05_FAMU-300x300.jpg 300w\" sizes=\"(max-width: 800px) 100vw, 800px\" \/>\n\t\t\t<\/div>\n\t\t\t\t<figcaption class='wp-caption-text gallery-caption' id='gallery-1-1801'>\n\t\t\t\t0114_04_05_FAMU\n\t\t\t\t<\/figcaption><\/figure><figure class='gallery-item'>\n\t\t\t<div class='gallery-icon landscape'>\n\t\t\t\t<img loading=\"lazy\" decoding=\"async\" width=\"800\" height=\"800\" src=\"https:\/\/photography.famu.cz\/archiv\/wp-content\/uploads\/2016\/03\/0114_05_05_FAMU.jpg\" class=\"attachment-full size-full\" alt=\"\" aria-describedby=\"gallery-1-1802\" srcset=\"https:\/\/photography.famu.cz\/archiv\/wp-content\/uploads\/2016\/03\/0114_05_05_FAMU.jpg 800w, https:\/\/photography.famu.cz\/archiv\/wp-content\/uploads\/2016\/03\/0114_05_05_FAMU-150x150.jpg 150w, https:\/\/photography.famu.cz\/archiv\/wp-content\/uploads\/2016\/03\/0114_05_05_FAMU-300x300.jpg 300w\" sizes=\"(max-width: 800px) 100vw, 800px\" \/>\n\t\t\t<\/div>\n\t\t\t\t<figcaption class='wp-caption-text gallery-caption' id='gallery-1-1802'>\n\t\t\t\t0114_05_05_FAMU\n\t\t\t\t<\/figcaption><\/figure>\n\t\t<\/div>\n\n","protected":false},"excerpt":{"rendered":"<p>Les Radicelles<\/p>\n","protected":false},"author":1,"featured_media":0,"comment_status":"closed","ping_status":"closed","sticky":false,"template":"","format":"standard","meta":{"footnotes":""},"categories":[22,45],"tags":[],"_links":{"self":[{"href":"https:\/\/photography.famu.cz\/archiv\/index.php?rest_route=\/wp\/v2\/posts\/1797"}],"collection":[{"href":"https:\/\/photography.famu.cz\/archiv\/index.php?rest_route=\/wp\/v2\/posts"}],"about":[{"href":"https:\/\/photography.famu.cz\/archiv\/index.php?rest_route=\/wp\/v2\/types\/post"}],"author":[{"embeddable":true,"href":"https:\/\/photography.famu.cz\/archiv\/index.php?rest_route=\/wp\/v2\/users\/1"}],"replies":[{"embeddable":true,"href":"https:\/\/photography.famu.cz\/archiv\/index.php?rest_route=%2Fwp%2Fv2%2Fcomments&post=1797"}],"version-history":[{"count":2,"href":"https:\/\/photography.famu.cz\/archiv\/index.php?rest_route=\/wp\/v2\/posts\/1797\/revisions"}],"predecessor-version":[{"id":2378,"href":"https:\/\/photography.famu.cz\/archiv\/index.php?rest_route=\/wp\/v2\/posts\/1797\/revisions\/2378"}],"wp:attachment":[{"href":"https:\/\/photography.famu.cz\/archiv\/index.php?rest_route=%2Fwp%2Fv2%2Fmedia&parent=1797"}],"wp:term":[{"taxonomy":"category","embeddable":true,"href":"https:\/\/photography.famu.cz\/archiv\/index.php?rest_route=%2Fwp%2Fv2%2Fcategories&post=1797"},{"taxonomy":"post_tag","embeddable":true,"href":"https:\/\/photography.famu.cz\/archiv\/index.php?rest_route=%2Fwp%2Fv2%2Ftags&post=1797"}],"curies":[{"name":"wp","href":"https:\/\/api.w.org\/{rel}","templated":true}]}}