{"id":1966,"date":"2013-09-08T00:04:42","date_gmt":"2013-09-07T23:04:42","guid":{"rendered":"http:\/\/foto.amu.cz\/archiv\/?p=1966"},"modified":"2016-04-14T13:48:51","modified_gmt":"2016-04-14T12:48:51","slug":"pleslova-anna","status":"publish","type":"post","link":"https:\/\/photography.famu.cz\/archiv\/?p=1966","title":{"rendered":"Pleslov\u00e1 Anna"},"content":{"rendered":"<p><em><strong>N\u011bco neviditeln\u00e9ho<\/strong><\/em><\/p>\n<p><!--more--><\/p>\n<div id='gallery-1' class='gallery galleryid-1966 gallery-columns-1 gallery-size-full'><figure class='gallery-item'>\n\t\t\t<div class='gallery-icon landscape'>\n\t\t\t\t<img loading=\"lazy\" decoding=\"async\" width=\"800\" height=\"533\" src=\"https:\/\/photography.famu.cz\/archiv\/wp-content\/uploads\/2016\/03\/0130_01_04_FAMU.jpg\" class=\"attachment-full size-full\" alt=\"\" aria-describedby=\"gallery-1-1967\" srcset=\"https:\/\/photography.famu.cz\/archiv\/wp-content\/uploads\/2016\/03\/0130_01_04_FAMU.jpg 800w, https:\/\/photography.famu.cz\/archiv\/wp-content\/uploads\/2016\/03\/0130_01_04_FAMU-300x200.jpg 300w\" sizes=\"(max-width: 800px) 100vw, 800px\" \/>\n\t\t\t<\/div>\n\t\t\t\t<figcaption class='wp-caption-text gallery-caption' id='gallery-1-1967'>\n\t\t\t\t0130_01_04_FAMU\n\t\t\t\t<\/figcaption><\/figure><figure class='gallery-item'>\n\t\t\t<div class='gallery-icon landscape'>\n\t\t\t\t<img loading=\"lazy\" decoding=\"async\" width=\"800\" height=\"533\" src=\"https:\/\/photography.famu.cz\/archiv\/wp-content\/uploads\/2016\/03\/0130_02_04_FAMU.jpg\" class=\"attachment-full size-full\" alt=\"\" aria-describedby=\"gallery-1-1968\" srcset=\"https:\/\/photography.famu.cz\/archiv\/wp-content\/uploads\/2016\/03\/0130_02_04_FAMU.jpg 800w, https:\/\/photography.famu.cz\/archiv\/wp-content\/uploads\/2016\/03\/0130_02_04_FAMU-300x200.jpg 300w\" sizes=\"(max-width: 800px) 100vw, 800px\" \/>\n\t\t\t<\/div>\n\t\t\t\t<figcaption class='wp-caption-text gallery-caption' id='gallery-1-1968'>\n\t\t\t\t0130_02_04_FAMU\n\t\t\t\t<\/figcaption><\/figure><figure class='gallery-item'>\n\t\t\t<div class='gallery-icon landscape'>\n\t\t\t\t<img loading=\"lazy\" decoding=\"async\" width=\"800\" height=\"533\" src=\"https:\/\/photography.famu.cz\/archiv\/wp-content\/uploads\/2016\/03\/0130_03_04_FAMU.jpg\" class=\"attachment-full size-full\" alt=\"\" aria-describedby=\"gallery-1-1969\" srcset=\"https:\/\/photography.famu.cz\/archiv\/wp-content\/uploads\/2016\/03\/0130_03_04_FAMU.jpg 800w, https:\/\/photography.famu.cz\/archiv\/wp-content\/uploads\/2016\/03\/0130_03_04_FAMU-300x200.jpg 300w\" sizes=\"(max-width: 800px) 100vw, 800px\" \/>\n\t\t\t<\/div>\n\t\t\t\t<figcaption class='wp-caption-text gallery-caption' id='gallery-1-1969'>\n\t\t\t\t0130_03_04_FAMU\n\t\t\t\t<\/figcaption><\/figure><figure class='gallery-item'>\n\t\t\t<div class='gallery-icon landscape'>\n\t\t\t\t<img loading=\"lazy\" decoding=\"async\" width=\"800\" height=\"533\" src=\"https:\/\/photography.famu.cz\/archiv\/wp-content\/uploads\/2016\/03\/0130_04_04_FAMU.jpg\" class=\"attachment-full size-full\" alt=\"\" aria-describedby=\"gallery-1-1970\" srcset=\"https:\/\/photography.famu.cz\/archiv\/wp-content\/uploads\/2016\/03\/0130_04_04_FAMU.jpg 800w, https:\/\/photography.famu.cz\/archiv\/wp-content\/uploads\/2016\/03\/0130_04_04_FAMU-300x200.jpg 300w\" sizes=\"(max-width: 800px) 100vw, 800px\" \/>\n\t\t\t<\/div>\n\t\t\t\t<figcaption class='wp-caption-text gallery-caption' id='gallery-1-1970'>\n\t\t\t\t0130_04_04_FAMU\n\t\t\t\t<\/figcaption><\/figure>\n\t\t<\/div>\n\n","protected":false},"excerpt":{"rendered":"<p>N\u011bco neviditeln\u00e9ho<\/p>\n","protected":false},"author":1,"featured_media":0,"comment_status":"closed","ping_status":"closed","sticky":false,"template":"","format":"standard","meta":{"footnotes":""},"categories":[21,46],"tags":[],"_links":{"self":[{"href":"https:\/\/photography.famu.cz\/archiv\/index.php?rest_route=\/wp\/v2\/posts\/1966"}],"collection":[{"href":"https:\/\/photography.famu.cz\/archiv\/index.php?rest_route=\/wp\/v2\/posts"}],"about":[{"href":"https:\/\/photography.famu.cz\/archiv\/index.php?rest_route=\/wp\/v2\/types\/post"}],"author":[{"embeddable":true,"href":"https:\/\/photography.famu.cz\/archiv\/index.php?rest_route=\/wp\/v2\/users\/1"}],"replies":[{"embeddable":true,"href":"https:\/\/photography.famu.cz\/archiv\/index.php?rest_route=%2Fwp%2Fv2%2Fcomments&post=1966"}],"version-history":[{"count":2,"href":"https:\/\/photography.famu.cz\/archiv\/index.php?rest_route=\/wp\/v2\/posts\/1966\/revisions"}],"predecessor-version":[{"id":2344,"href":"https:\/\/photography.famu.cz\/archiv\/index.php?rest_route=\/wp\/v2\/posts\/1966\/revisions\/2344"}],"wp:attachment":[{"href":"https:\/\/photography.famu.cz\/archiv\/index.php?rest_route=%2Fwp%2Fv2%2Fmedia&parent=1966"}],"wp:term":[{"taxonomy":"category","embeddable":true,"href":"https:\/\/photography.famu.cz\/archiv\/index.php?rest_route=%2Fwp%2Fv2%2Fcategories&post=1966"},{"taxonomy":"post_tag","embeddable":true,"href":"https:\/\/photography.famu.cz\/archiv\/index.php?rest_route=%2Fwp%2Fv2%2Ftags&post=1966"}],"curies":[{"name":"wp","href":"https:\/\/api.w.org\/{rel}","templated":true}]}}