{"id":2003,"date":"2013-09-08T00:17:44","date_gmt":"2013-09-07T23:17:44","guid":{"rendered":"http:\/\/foto.amu.cz\/archiv\/?p=2003"},"modified":"2016-04-14T13:42:55","modified_gmt":"2016-04-14T12:42:55","slug":"zitnanska-klara-2","status":"publish","type":"post","link":"https:\/\/photography.famu.cz\/archiv\/?p=2003","title":{"rendered":"\u017dit\u0148ansk\u00e1 Kl\u00e1ra"},"content":{"rendered":"<p><em><strong>Sudety &#8211; Les kanc\u016f<\/strong><\/em><\/p>\n<p><!--more--><\/p>\n<div id='gallery-1' class='gallery galleryid-2003 gallery-columns-1 gallery-size-full'><figure class='gallery-item'>\n\t\t\t<div class='gallery-icon landscape'>\n\t\t\t\t<a href='https:\/\/photography.famu.cz\/archiv\/?attachment_id=2004'><img loading=\"lazy\" decoding=\"async\" width=\"800\" height=\"686\" src=\"https:\/\/photography.famu.cz\/archiv\/wp-content\/uploads\/2016\/03\/0137_01_08_FAMU.jpg\" class=\"attachment-full size-full\" alt=\"\" aria-describedby=\"gallery-1-2004\" srcset=\"https:\/\/photography.famu.cz\/archiv\/wp-content\/uploads\/2016\/03\/0137_01_08_FAMU.jpg 800w, https:\/\/photography.famu.cz\/archiv\/wp-content\/uploads\/2016\/03\/0137_01_08_FAMU-300x257.jpg 300w\" sizes=\"(max-width: 800px) 100vw, 800px\" \/><\/a>\n\t\t\t<\/div>\n\t\t\t\t<figcaption class='wp-caption-text gallery-caption' id='gallery-1-2004'>\n\t\t\t\t0137_01_08_FAMU\n\t\t\t\t<\/figcaption><\/figure><figure class='gallery-item'>\n\t\t\t<div class='gallery-icon landscape'>\n\t\t\t\t<a href='https:\/\/photography.famu.cz\/archiv\/?attachment_id=2005'><img loading=\"lazy\" decoding=\"async\" width=\"800\" height=\"686\" src=\"https:\/\/photography.famu.cz\/archiv\/wp-content\/uploads\/2016\/03\/0137_02_08_FAMU.jpg\" class=\"attachment-full size-full\" alt=\"\" aria-describedby=\"gallery-1-2005\" srcset=\"https:\/\/photography.famu.cz\/archiv\/wp-content\/uploads\/2016\/03\/0137_02_08_FAMU.jpg 800w, https:\/\/photography.famu.cz\/archiv\/wp-content\/uploads\/2016\/03\/0137_02_08_FAMU-300x257.jpg 300w\" sizes=\"(max-width: 800px) 100vw, 800px\" \/><\/a>\n\t\t\t<\/div>\n\t\t\t\t<figcaption class='wp-caption-text gallery-caption' id='gallery-1-2005'>\n\t\t\t\t0137_02_08_FAMU\n\t\t\t\t<\/figcaption><\/figure><figure class='gallery-item'>\n\t\t\t<div class='gallery-icon landscape'>\n\t\t\t\t<a href='https:\/\/photography.famu.cz\/archiv\/?attachment_id=2006'><img loading=\"lazy\" decoding=\"async\" width=\"800\" height=\"686\" src=\"https:\/\/photography.famu.cz\/archiv\/wp-content\/uploads\/2016\/03\/0137_03_08_FAMU.jpg\" class=\"attachment-full size-full\" alt=\"\" aria-describedby=\"gallery-1-2006\" srcset=\"https:\/\/photography.famu.cz\/archiv\/wp-content\/uploads\/2016\/03\/0137_03_08_FAMU.jpg 800w, https:\/\/photography.famu.cz\/archiv\/wp-content\/uploads\/2016\/03\/0137_03_08_FAMU-300x257.jpg 300w\" sizes=\"(max-width: 800px) 100vw, 800px\" \/><\/a>\n\t\t\t<\/div>\n\t\t\t\t<figcaption class='wp-caption-text gallery-caption' id='gallery-1-2006'>\n\t\t\t\t0137_03_08_FAMU\n\t\t\t\t<\/figcaption><\/figure><figure class='gallery-item'>\n\t\t\t<div class='gallery-icon landscape'>\n\t\t\t\t<a href='https:\/\/photography.famu.cz\/archiv\/?attachment_id=2007'><img loading=\"lazy\" decoding=\"async\" width=\"800\" height=\"640\" src=\"https:\/\/photography.famu.cz\/archiv\/wp-content\/uploads\/2016\/03\/0137_04_08_FAMU.jpg\" class=\"attachment-full size-full\" alt=\"\" aria-describedby=\"gallery-1-2007\" srcset=\"https:\/\/photography.famu.cz\/archiv\/wp-content\/uploads\/2016\/03\/0137_04_08_FAMU.jpg 800w, https:\/\/photography.famu.cz\/archiv\/wp-content\/uploads\/2016\/03\/0137_04_08_FAMU-300x240.jpg 300w\" sizes=\"(max-width: 800px) 100vw, 800px\" \/><\/a>\n\t\t\t<\/div>\n\t\t\t\t<figcaption class='wp-caption-text gallery-caption' id='gallery-1-2007'>\n\t\t\t\t0137_04_08_FAMU\n\t\t\t\t<\/figcaption><\/figure><figure class='gallery-item'>\n\t\t\t<div class='gallery-icon landscape'>\n\t\t\t\t<a href='https:\/\/photography.famu.cz\/archiv\/?attachment_id=2008'><img loading=\"lazy\" decoding=\"async\" width=\"800\" height=\"640\" src=\"https:\/\/photography.famu.cz\/archiv\/wp-content\/uploads\/2016\/03\/0137_05_08_FAMU.jpg\" class=\"attachment-full size-full\" alt=\"\" aria-describedby=\"gallery-1-2008\" srcset=\"https:\/\/photography.famu.cz\/archiv\/wp-content\/uploads\/2016\/03\/0137_05_08_FAMU.jpg 800w, https:\/\/photography.famu.cz\/archiv\/wp-content\/uploads\/2016\/03\/0137_05_08_FAMU-300x240.jpg 300w\" sizes=\"(max-width: 800px) 100vw, 800px\" \/><\/a>\n\t\t\t<\/div>\n\t\t\t\t<figcaption class='wp-caption-text gallery-caption' id='gallery-1-2008'>\n\t\t\t\t0137_05_08_FAMU\n\t\t\t\t<\/figcaption><\/figure><figure class='gallery-item'>\n\t\t\t<div class='gallery-icon portrait'>\n\t\t\t\t<a href='https:\/\/photography.famu.cz\/archiv\/?attachment_id=2009'><img loading=\"lazy\" decoding=\"async\" width=\"640\" height=\"800\" src=\"https:\/\/photography.famu.cz\/archiv\/wp-content\/uploads\/2016\/03\/0137_06_08_FAMU.jpg\" class=\"attachment-full size-full\" alt=\"\" aria-describedby=\"gallery-1-2009\" srcset=\"https:\/\/photography.famu.cz\/archiv\/wp-content\/uploads\/2016\/03\/0137_06_08_FAMU.jpg 640w, https:\/\/photography.famu.cz\/archiv\/wp-content\/uploads\/2016\/03\/0137_06_08_FAMU-240x300.jpg 240w\" sizes=\"(max-width: 640px) 100vw, 640px\" \/><\/a>\n\t\t\t<\/div>\n\t\t\t\t<figcaption class='wp-caption-text gallery-caption' id='gallery-1-2009'>\n\t\t\t\t0137_06_08_FAMU\n\t\t\t\t<\/figcaption><\/figure><figure class='gallery-item'>\n\t\t\t<div class='gallery-icon portrait'>\n\t\t\t\t<a href='https:\/\/photography.famu.cz\/archiv\/?attachment_id=2010'><img loading=\"lazy\" decoding=\"async\" width=\"640\" height=\"800\" src=\"https:\/\/photography.famu.cz\/archiv\/wp-content\/uploads\/2016\/03\/0137_07_08_FAMU.jpg\" class=\"attachment-full size-full\" alt=\"\" aria-describedby=\"gallery-1-2010\" srcset=\"https:\/\/photography.famu.cz\/archiv\/wp-content\/uploads\/2016\/03\/0137_07_08_FAMU.jpg 640w, https:\/\/photography.famu.cz\/archiv\/wp-content\/uploads\/2016\/03\/0137_07_08_FAMU-240x300.jpg 240w\" sizes=\"(max-width: 640px) 100vw, 640px\" \/><\/a>\n\t\t\t<\/div>\n\t\t\t\t<figcaption class='wp-caption-text gallery-caption' id='gallery-1-2010'>\n\t\t\t\t0137_07_08_FAMU\n\t\t\t\t<\/figcaption><\/figure><figure class='gallery-item'>\n\t\t\t<div class='gallery-icon landscape'>\n\t\t\t\t<a href='https:\/\/photography.famu.cz\/archiv\/?attachment_id=2011'><img loading=\"lazy\" decoding=\"async\" width=\"800\" height=\"640\" src=\"https:\/\/photography.famu.cz\/archiv\/wp-content\/uploads\/2016\/03\/0137_08_08_FAMU.jpg\" class=\"attachment-full size-full\" alt=\"\" aria-describedby=\"gallery-1-2011\" srcset=\"https:\/\/photography.famu.cz\/archiv\/wp-content\/uploads\/2016\/03\/0137_08_08_FAMU.jpg 800w, https:\/\/photography.famu.cz\/archiv\/wp-content\/uploads\/2016\/03\/0137_08_08_FAMU-300x240.jpg 300w\" sizes=\"(max-width: 800px) 100vw, 800px\" \/><\/a>\n\t\t\t<\/div>\n\t\t\t\t<figcaption class='wp-caption-text gallery-caption' id='gallery-1-2011'>\n\t\t\t\t0137_08_08_FAMU\n\t\t\t\t<\/figcaption><\/figure>\n\t\t<\/div>\n\n","protected":false},"excerpt":{"rendered":"<p>Sudety &#8211; Les kanc\u016f<\/p>\n","protected":false},"author":1,"featured_media":0,"comment_status":"closed","ping_status":"closed","sticky":false,"template":"","format":"standard","meta":{"footnotes":""},"categories":[21,47],"tags":[],"_links":{"self":[{"href":"https:\/\/photography.famu.cz\/archiv\/index.php?rest_route=\/wp\/v2\/posts\/2003"}],"collection":[{"href":"https:\/\/photography.famu.cz\/archiv\/index.php?rest_route=\/wp\/v2\/posts"}],"about":[{"href":"https:\/\/photography.famu.cz\/archiv\/index.php?rest_route=\/wp\/v2\/types\/post"}],"author":[{"embeddable":true,"href":"https:\/\/photography.famu.cz\/archiv\/index.php?rest_route=\/wp\/v2\/users\/1"}],"replies":[{"embeddable":true,"href":"https:\/\/photography.famu.cz\/archiv\/index.php?rest_route=%2Fwp%2Fv2%2Fcomments&post=2003"}],"version-history":[{"count":2,"href":"https:\/\/photography.famu.cz\/archiv\/index.php?rest_route=\/wp\/v2\/posts\/2003\/revisions"}],"predecessor-version":[{"id":2339,"href":"https:\/\/photography.famu.cz\/archiv\/index.php?rest_route=\/wp\/v2\/posts\/2003\/revisions\/2339"}],"wp:attachment":[{"href":"https:\/\/photography.famu.cz\/archiv\/index.php?rest_route=%2Fwp%2Fv2%2Fmedia&parent=2003"}],"wp:term":[{"taxonomy":"category","embeddable":true,"href":"https:\/\/photography.famu.cz\/archiv\/index.php?rest_route=%2Fwp%2Fv2%2Fcategories&post=2003"},{"taxonomy":"post_tag","embeddable":true,"href":"https:\/\/photography.famu.cz\/archiv\/index.php?rest_route=%2Fwp%2Fv2%2Ftags&post=2003"}],"curies":[{"name":"wp","href":"https:\/\/api.w.org\/{rel}","templated":true}]}}