{"id":2221,"date":"2016-04-09T22:38:42","date_gmt":"2016-04-09T21:38:42","guid":{"rendered":"http:\/\/foto.amu.cz\/archiv\/?p=2221"},"modified":"2016-04-09T22:39:45","modified_gmt":"2016-04-09T21:39:45","slug":"sarkova-eliska","status":"publish","type":"post","link":"https:\/\/photography.famu.cz\/archiv\/?p=2221","title":{"rendered":"\u0160\u00e1rkov\u00e1 Eli\u0161ka"},"content":{"rendered":"<p>Krajina mrak\u016f<\/p>\n<p><!--more--><\/p>\n<div id='gallery-1' class='gallery galleryid-2221 gallery-columns-1 gallery-size-full'><figure class='gallery-item'>\n\t\t\t<div class='gallery-icon portrait'>\n\t\t\t\t<img loading=\"lazy\" decoding=\"async\" width=\"900\" height=\"1200\" src=\"https:\/\/photography.famu.cz\/archiv\/wp-content\/uploads\/2016\/04\/1_75x100.jpg\" class=\"attachment-full size-full\" alt=\"\" aria-describedby=\"gallery-1-2222\" srcset=\"https:\/\/photography.famu.cz\/archiv\/wp-content\/uploads\/2016\/04\/1_75x100.jpg 900w, https:\/\/photography.famu.cz\/archiv\/wp-content\/uploads\/2016\/04\/1_75x100-225x300.jpg 225w, https:\/\/photography.famu.cz\/archiv\/wp-content\/uploads\/2016\/04\/1_75x100-768x1024.jpg 768w\" sizes=\"(max-width: 900px) 100vw, 900px\" \/>\n\t\t\t<\/div>\n\t\t\t\t<figcaption class='wp-caption-text gallery-caption' id='gallery-1-2222'>\n\t\t\t\t0166-01-08-FAMU\n\t\t\t\t<\/figcaption><\/figure><figure class='gallery-item'>\n\t\t\t<div class='gallery-icon landscape'>\n\t\t\t\t<img loading=\"lazy\" decoding=\"async\" width=\"1200\" height=\"1200\" src=\"https:\/\/photography.famu.cz\/archiv\/wp-content\/uploads\/2016\/04\/2_904x904.jpg\" class=\"attachment-full size-full\" alt=\"\" aria-describedby=\"gallery-1-2223\" srcset=\"https:\/\/photography.famu.cz\/archiv\/wp-content\/uploads\/2016\/04\/2_904x904.jpg 1200w, https:\/\/photography.famu.cz\/archiv\/wp-content\/uploads\/2016\/04\/2_904x904-150x150.jpg 150w, https:\/\/photography.famu.cz\/archiv\/wp-content\/uploads\/2016\/04\/2_904x904-300x300.jpg 300w, https:\/\/photography.famu.cz\/archiv\/wp-content\/uploads\/2016\/04\/2_904x904-845x845.jpg 845w\" sizes=\"(max-width: 1200px) 100vw, 1200px\" \/>\n\t\t\t<\/div>\n\t\t\t\t<figcaption class='wp-caption-text gallery-caption' id='gallery-1-2223'>\n\t\t\t\t0166-02-08-FAMU\n\t\t\t\t<\/figcaption><\/figure><figure class='gallery-item'>\n\t\t\t<div class='gallery-icon landscape'>\n\t\t\t\t<img loading=\"lazy\" decoding=\"async\" width=\"1200\" height=\"900\" src=\"https:\/\/photography.famu.cz\/archiv\/wp-content\/uploads\/2016\/04\/3_100x75.jpg\" class=\"attachment-full size-full\" alt=\"\" aria-describedby=\"gallery-1-2224\" srcset=\"https:\/\/photography.famu.cz\/archiv\/wp-content\/uploads\/2016\/04\/3_100x75.jpg 1200w, https:\/\/photography.famu.cz\/archiv\/wp-content\/uploads\/2016\/04\/3_100x75-300x225.jpg 300w, https:\/\/photography.famu.cz\/archiv\/wp-content\/uploads\/2016\/04\/3_100x75-845x634.jpg 845w\" sizes=\"(max-width: 1200px) 100vw, 1200px\" \/>\n\t\t\t<\/div>\n\t\t\t\t<figcaption class='wp-caption-text gallery-caption' id='gallery-1-2224'>\n\t\t\t\t0166-03-08-FAMU\n\t\t\t\t<\/figcaption><\/figure><figure class='gallery-item'>\n\t\t\t<div class='gallery-icon portrait'>\n\t\t\t\t<img loading=\"lazy\" decoding=\"async\" width=\"792\" height=\"1200\" src=\"https:\/\/photography.famu.cz\/archiv\/wp-content\/uploads\/2016\/04\/4_66x100.jpg\" class=\"attachment-full size-full\" alt=\"\" aria-describedby=\"gallery-1-2225\" srcset=\"https:\/\/photography.famu.cz\/archiv\/wp-content\/uploads\/2016\/04\/4_66x100.jpg 792w, https:\/\/photography.famu.cz\/archiv\/wp-content\/uploads\/2016\/04\/4_66x100-198x300.jpg 198w, https:\/\/photography.famu.cz\/archiv\/wp-content\/uploads\/2016\/04\/4_66x100-676x1024.jpg 676w\" sizes=\"(max-width: 792px) 100vw, 792px\" \/>\n\t\t\t<\/div>\n\t\t\t\t<figcaption class='wp-caption-text gallery-caption' id='gallery-1-2225'>\n\t\t\t\t0166-04-08-FAMU\n\t\t\t\t<\/figcaption><\/figure><figure class='gallery-item'>\n\t\t\t<div class='gallery-icon landscape'>\n\t\t\t\t<img loading=\"lazy\" decoding=\"async\" width=\"1200\" height=\"1200\" src=\"https:\/\/photography.famu.cz\/archiv\/wp-content\/uploads\/2016\/04\/5_904x904.jpg\" class=\"attachment-full size-full\" alt=\"\" aria-describedby=\"gallery-1-2226\" srcset=\"https:\/\/photography.famu.cz\/archiv\/wp-content\/uploads\/2016\/04\/5_904x904.jpg 1200w, https:\/\/photography.famu.cz\/archiv\/wp-content\/uploads\/2016\/04\/5_904x904-150x150.jpg 150w, https:\/\/photography.famu.cz\/archiv\/wp-content\/uploads\/2016\/04\/5_904x904-300x300.jpg 300w, https:\/\/photography.famu.cz\/archiv\/wp-content\/uploads\/2016\/04\/5_904x904-845x845.jpg 845w\" sizes=\"(max-width: 1200px) 100vw, 1200px\" \/>\n\t\t\t<\/div>\n\t\t\t\t<figcaption class='wp-caption-text gallery-caption' id='gallery-1-2226'>\n\t\t\t\t0166-05-08-FAMU\n\t\t\t\t<\/figcaption><\/figure><figure class='gallery-item'>\n\t\t\t<div class='gallery-icon portrait'>\n\t\t\t\t<img loading=\"lazy\" decoding=\"async\" width=\"900\" height=\"1200\" src=\"https:\/\/photography.famu.cz\/archiv\/wp-content\/uploads\/2016\/04\/6_75x100.jpg\" class=\"attachment-full size-full\" alt=\"\" aria-describedby=\"gallery-1-2227\" srcset=\"https:\/\/photography.famu.cz\/archiv\/wp-content\/uploads\/2016\/04\/6_75x100.jpg 900w, https:\/\/photography.famu.cz\/archiv\/wp-content\/uploads\/2016\/04\/6_75x100-225x300.jpg 225w, https:\/\/photography.famu.cz\/archiv\/wp-content\/uploads\/2016\/04\/6_75x100-768x1024.jpg 768w\" sizes=\"(max-width: 900px) 100vw, 900px\" \/>\n\t\t\t<\/div>\n\t\t\t\t<figcaption class='wp-caption-text gallery-caption' id='gallery-1-2227'>\n\t\t\t\t0166-06-08-FAMU\n\t\t\t\t<\/figcaption><\/figure><figure class='gallery-item'>\n\t\t\t<div class='gallery-icon portrait'>\n\t\t\t\t<img loading=\"lazy\" decoding=\"async\" width=\"792\" height=\"1200\" src=\"https:\/\/photography.famu.cz\/archiv\/wp-content\/uploads\/2016\/04\/7_66x100.jpg\" class=\"attachment-full size-full\" alt=\"\" aria-describedby=\"gallery-1-2228\" srcset=\"https:\/\/photography.famu.cz\/archiv\/wp-content\/uploads\/2016\/04\/7_66x100.jpg 792w, https:\/\/photography.famu.cz\/archiv\/wp-content\/uploads\/2016\/04\/7_66x100-198x300.jpg 198w, https:\/\/photography.famu.cz\/archiv\/wp-content\/uploads\/2016\/04\/7_66x100-676x1024.jpg 676w\" sizes=\"(max-width: 792px) 100vw, 792px\" \/>\n\t\t\t<\/div>\n\t\t\t\t<figcaption class='wp-caption-text gallery-caption' id='gallery-1-2228'>\n\t\t\t\t0166-07-08-FAMU\n\t\t\t\t<\/figcaption><\/figure><figure class='gallery-item'>\n\t\t\t<div class='gallery-icon landscape'>\n\t\t\t\t<img loading=\"lazy\" decoding=\"async\" width=\"1200\" height=\"958\" src=\"https:\/\/photography.famu.cz\/archiv\/wp-content\/uploads\/2016\/04\/8_99x79.jpg\" class=\"attachment-full size-full\" alt=\"\" aria-describedby=\"gallery-1-2229\" srcset=\"https:\/\/photography.famu.cz\/archiv\/wp-content\/uploads\/2016\/04\/8_99x79.jpg 1200w, https:\/\/photography.famu.cz\/archiv\/wp-content\/uploads\/2016\/04\/8_99x79-300x240.jpg 300w, https:\/\/photography.famu.cz\/archiv\/wp-content\/uploads\/2016\/04\/8_99x79-845x675.jpg 845w\" sizes=\"(max-width: 1200px) 100vw, 1200px\" \/>\n\t\t\t<\/div>\n\t\t\t\t<figcaption class='wp-caption-text gallery-caption' id='gallery-1-2229'>\n\t\t\t\t0166-08-08-FAMU\n\t\t\t\t<\/figcaption><\/figure>\n\t\t<\/div>\n\n","protected":false},"excerpt":{"rendered":"<p>Krajina mrak\u016f<\/p>\n","protected":false},"author":1,"featured_media":0,"comment_status":"closed","ping_status":"closed","sticky":false,"template":"","format":"standard","meta":{"footnotes":""},"categories":[50,51],"tags":[],"_links":{"self":[{"href":"https:\/\/photography.famu.cz\/archiv\/index.php?rest_route=\/wp\/v2\/posts\/2221"}],"collection":[{"href":"https:\/\/photography.famu.cz\/archiv\/index.php?rest_route=\/wp\/v2\/posts"}],"about":[{"href":"https:\/\/photography.famu.cz\/archiv\/index.php?rest_route=\/wp\/v2\/types\/post"}],"author":[{"embeddable":true,"href":"https:\/\/photography.famu.cz\/archiv\/index.php?rest_route=\/wp\/v2\/users\/1"}],"replies":[{"embeddable":true,"href":"https:\/\/photography.famu.cz\/archiv\/index.php?rest_route=%2Fwp%2Fv2%2Fcomments&post=2221"}],"version-history":[{"count":2,"href":"https:\/\/photography.famu.cz\/archiv\/index.php?rest_route=\/wp\/v2\/posts\/2221\/revisions"}],"predecessor-version":[{"id":2231,"href":"https:\/\/photography.famu.cz\/archiv\/index.php?rest_route=\/wp\/v2\/posts\/2221\/revisions\/2231"}],"wp:attachment":[{"href":"https:\/\/photography.famu.cz\/archiv\/index.php?rest_route=%2Fwp%2Fv2%2Fmedia&parent=2221"}],"wp:term":[{"taxonomy":"category","embeddable":true,"href":"https:\/\/photography.famu.cz\/archiv\/index.php?rest_route=%2Fwp%2Fv2%2Fcategories&post=2221"},{"taxonomy":"post_tag","embeddable":true,"href":"https:\/\/photography.famu.cz\/archiv\/index.php?rest_route=%2Fwp%2Fv2%2Ftags&post=2221"}],"curies":[{"name":"wp","href":"https:\/\/api.w.org\/{rel}","templated":true}]}}