{"id":2582,"date":"2016-10-12T22:24:13","date_gmt":"2016-10-12T21:24:13","guid":{"rendered":"http:\/\/foto.amu.cz\/archiv\/?p=2582"},"modified":"2016-10-12T22:24:13","modified_gmt":"2016-10-12T21:24:13","slug":"folk-cenek-3","status":"publish","type":"post","link":"https:\/\/photography.famu.cz\/archiv\/?p=2582","title":{"rendered":"Folk \u010cen\u011bk"},"content":{"rendered":"<p><em>Bohat\u00fd vrch<\/em><\/p>\n<p><!--more--><\/p>\n<figure id=\"attachment_2574\" aria-describedby=\"caption-attachment-2574\" style=\"width: 3561px\" class=\"wp-caption alignnone\"><a href=\"http:\/\/foto.amu.cz\/archiv\/wp-content\/uploads\/2016\/10\/instalace-web.jpg\"><img loading=\"lazy\" decoding=\"async\" class=\"size-full wp-image-2574\" src=\"http:\/\/foto.amu.cz\/archiv\/wp-content\/uploads\/2016\/10\/instalace-web.jpg\" alt=\"174-01-02-FAMU\" width=\"3561\" height=\"1200\" srcset=\"https:\/\/photography.famu.cz\/archiv\/wp-content\/uploads\/2016\/10\/instalace-web.jpg 3561w, https:\/\/photography.famu.cz\/archiv\/wp-content\/uploads\/2016\/10\/instalace-web-300x101.jpg 300w, https:\/\/photography.famu.cz\/archiv\/wp-content\/uploads\/2016\/10\/instalace-web-845x285.jpg 845w\" sizes=\"(max-width: 3561px) 100vw, 3561px\" \/><\/a><figcaption id=\"caption-attachment-2574\" class=\"wp-caption-text\">174-01-02-FAMU<\/figcaption><\/figure>\n<a href=\"https:\/\/foto.amu.cz\/archiv\/wp-content\/uploads\/2016\/10\/Bohat\u00fd-vrch.pdf\" class=\"pdfemb-viewer\" style=\"width:640px;\" data-width=\"640\" data-height=\"max\" data-toolbar=\"bottom\" data-toolbar-fixed=\"off\">Bohat\u00fd-vrch<\/a>\n","protected":false},"excerpt":{"rendered":"<p>Bohat\u00fd vrch<\/p>\n","protected":false},"author":1,"featured_media":0,"comment_status":"closed","ping_status":"closed","sticky":false,"template":"","format":"standard","meta":{"footnotes":""},"categories":[53,54],"tags":[],"_links":{"self":[{"href":"https:\/\/photography.famu.cz\/archiv\/index.php?rest_route=\/wp\/v2\/posts\/2582"}],"collection":[{"href":"https:\/\/photography.famu.cz\/archiv\/index.php?rest_route=\/wp\/v2\/posts"}],"about":[{"href":"https:\/\/photography.famu.cz\/archiv\/index.php?rest_route=\/wp\/v2\/types\/post"}],"author":[{"embeddable":true,"href":"https:\/\/photography.famu.cz\/archiv\/index.php?rest_route=\/wp\/v2\/users\/1"}],"replies":[{"embeddable":true,"href":"https:\/\/photography.famu.cz\/archiv\/index.php?rest_route=%2Fwp%2Fv2%2Fcomments&post=2582"}],"version-history":[{"count":1,"href":"https:\/\/photography.famu.cz\/archiv\/index.php?rest_route=\/wp\/v2\/posts\/2582\/revisions"}],"predecessor-version":[{"id":2584,"href":"https:\/\/photography.famu.cz\/archiv\/index.php?rest_route=\/wp\/v2\/posts\/2582\/revisions\/2584"}],"wp:attachment":[{"href":"https:\/\/photography.famu.cz\/archiv\/index.php?rest_route=%2Fwp%2Fv2%2Fmedia&parent=2582"}],"wp:term":[{"taxonomy":"category","embeddable":true,"href":"https:\/\/photography.famu.cz\/archiv\/index.php?rest_route=%2Fwp%2Fv2%2Fcategories&post=2582"},{"taxonomy":"post_tag","embeddable":true,"href":"https:\/\/photography.famu.cz\/archiv\/index.php?rest_route=%2Fwp%2Fv2%2Ftags&post=2582"}],"curies":[{"name":"wp","href":"https:\/\/api.w.org\/{rel}","templated":true}]}}