{"id":2591,"date":"2017-01-13T21:17:05","date_gmt":"2017-01-13T20:17:05","guid":{"rendered":"http:\/\/foto.amu.cz\/archiv\/?p=2591"},"modified":"2017-01-13T21:41:10","modified_gmt":"2017-01-13T20:41:10","slug":"czanderle-michal-2","status":"publish","type":"post","link":"https:\/\/photography.famu.cz\/archiv\/?p=2591","title":{"rendered":"Czanderle Michal"},"content":{"rendered":"<p><em>Rozhoduj\u00edc\u00ed okam\u017eik<\/em><\/p>\n<p><!--more--><\/p>\n<div style=\"width: 640px;\" class=\"wp-video\"><!--[if lt IE 9]><script>document.createElement('video');<\/script><![endif]-->\n<video class=\"wp-video-shortcode\" id=\"video-2591-1\" width=\"640\" height=\"360\" preload=\"metadata\" controls=\"controls\"><source type=\"video\/mp4\" src=\"http:\/\/foto.amu.cz\/archiv\/wp-content\/uploads\/2016\/10\/Michal-Czanderle-Diplomov_-pr_ce-2016_x264_a.mp4?_=1\" \/><a href=\"http:\/\/foto.amu.cz\/archiv\/wp-content\/uploads\/2016\/10\/Michal-Czanderle-Diplomov_-pr_ce-2016_x264_a.mp4\">http:\/\/foto.amu.cz\/archiv\/wp-content\/uploads\/2016\/10\/Michal-Czanderle-Diplomov_-pr_ce-2016_x264_a.mp4<\/a><\/video><\/div>\n<figure id=\"attachment_2621\" aria-describedby=\"caption-attachment-2621\" style=\"width: 1575px\" class=\"wp-caption alignnone\"><a href=\"http:\/\/foto.amu.cz\/archiv\/wp-content\/uploads\/2017\/01\/Michal-Czanderle-Diplomov\u00e1-pr\u00e1ce-2016-Foto.jpg\"><img loading=\"lazy\" decoding=\"async\" class=\"wp-image-2621 size-full\" src=\"http:\/\/foto.amu.cz\/archiv\/wp-content\/uploads\/2017\/01\/Michal-Czanderle-Diplomov\u00e1-pr\u00e1ce-2016-Foto.jpg\" alt=\"Michal Czanderle - Diplomov\u00e1 pr\u00e1ce 2016 - Foto\" width=\"1575\" height=\"2362\" srcset=\"https:\/\/photography.famu.cz\/archiv\/wp-content\/uploads\/2017\/01\/Michal-Czanderle-Diplomov\u00e1-pr\u00e1ce-2016-Foto.jpg 1575w, https:\/\/photography.famu.cz\/archiv\/wp-content\/uploads\/2017\/01\/Michal-Czanderle-Diplomov\u00e1-pr\u00e1ce-2016-Foto-200x300.jpg 200w, https:\/\/photography.famu.cz\/archiv\/wp-content\/uploads\/2017\/01\/Michal-Czanderle-Diplomov\u00e1-pr\u00e1ce-2016-Foto-683x1024.jpg 683w\" sizes=\"(max-width: 1575px) 100vw, 1575px\" \/><\/a><figcaption id=\"caption-attachment-2621\" class=\"wp-caption-text\">172-01-02-FAMU<\/figcaption><\/figure>\n","protected":false},"excerpt":{"rendered":"<p>Rozhoduj\u00edc\u00ed okam\u017eik<\/p>\n","protected":false},"author":1,"featured_media":0,"comment_status":"closed","ping_status":"closed","sticky":false,"template":"","format":"standard","meta":{"footnotes":""},"categories":[53,56],"tags":[],"_links":{"self":[{"href":"https:\/\/photography.famu.cz\/archiv\/index.php?rest_route=\/wp\/v2\/posts\/2591"}],"collection":[{"href":"https:\/\/photography.famu.cz\/archiv\/index.php?rest_route=\/wp\/v2\/posts"}],"about":[{"href":"https:\/\/photography.famu.cz\/archiv\/index.php?rest_route=\/wp\/v2\/types\/post"}],"author":[{"embeddable":true,"href":"https:\/\/photography.famu.cz\/archiv\/index.php?rest_route=\/wp\/v2\/users\/1"}],"replies":[{"embeddable":true,"href":"https:\/\/photography.famu.cz\/archiv\/index.php?rest_route=%2Fwp%2Fv2%2Fcomments&post=2591"}],"version-history":[{"count":10,"href":"https:\/\/photography.famu.cz\/archiv\/index.php?rest_route=\/wp\/v2\/posts\/2591\/revisions"}],"predecessor-version":[{"id":2624,"href":"https:\/\/photography.famu.cz\/archiv\/index.php?rest_route=\/wp\/v2\/posts\/2591\/revisions\/2624"}],"wp:attachment":[{"href":"https:\/\/photography.famu.cz\/archiv\/index.php?rest_route=%2Fwp%2Fv2%2Fmedia&parent=2591"}],"wp:term":[{"taxonomy":"category","embeddable":true,"href":"https:\/\/photography.famu.cz\/archiv\/index.php?rest_route=%2Fwp%2Fv2%2Fcategories&post=2591"},{"taxonomy":"post_tag","embeddable":true,"href":"https:\/\/photography.famu.cz\/archiv\/index.php?rest_route=%2Fwp%2Fv2%2Ftags&post=2591"}],"curies":[{"name":"wp","href":"https:\/\/api.w.org\/{rel}","templated":true}]}}