{"id":2676,"date":"2017-03-10T14:44:48","date_gmt":"2017-03-10T13:44:48","guid":{"rendered":"http:\/\/foto.amu.cz\/archiv\/?p=2676"},"modified":"2018-01-05T21:23:36","modified_gmt":"2018-01-05T20:23:36","slug":"korenkova-silvie-4","status":"publish","type":"post","link":"https:\/\/photography.famu.cz\/archiv\/?p=2676","title":{"rendered":"Ko\u0159enkov\u00e1 Silvie"},"content":{"rendered":"<p><em>(Ne)viditeln\u00e1 fotografie<\/em><\/p>\n<p><!--more--><\/p>\n<div id='gallery-1' class='gallery galleryid-2676 gallery-columns-2 gallery-size-large'><figure class='gallery-item'>\n\t\t\t<div class='gallery-icon portrait'>\n\t\t\t\t<a href='https:\/\/photography.famu.cz\/archiv\/?attachment_id=2669'><img loading=\"lazy\" decoding=\"async\" width=\"660\" height=\"953\" src=\"https:\/\/photography.famu.cz\/archiv\/wp-content\/uploads\/2017\/03\/163_01_02_FAMU_01-709x1024.jpg\" class=\"attachment-large size-large\" alt=\"\" aria-describedby=\"gallery-1-2669\" srcset=\"https:\/\/photography.famu.cz\/archiv\/wp-content\/uploads\/2017\/03\/163_01_02_FAMU_01-709x1024.jpg 709w, https:\/\/photography.famu.cz\/archiv\/wp-content\/uploads\/2017\/03\/163_01_02_FAMU_01-208x300.jpg 208w\" sizes=\"(max-width: 660px) 100vw, 660px\" \/><\/a>\n\t\t\t<\/div>\n\t\t\t\t<figcaption class='wp-caption-text gallery-caption' id='gallery-1-2669'>\n\t\t\t\t163_01_02_FAMU_01\n\t\t\t\t<\/figcaption><\/figure><figure class='gallery-item'>\n\t\t\t<div class='gallery-icon portrait'>\n\t\t\t\t<a href='https:\/\/photography.famu.cz\/archiv\/?attachment_id=2670'><img loading=\"lazy\" decoding=\"async\" width=\"660\" height=\"779\" src=\"https:\/\/photography.famu.cz\/archiv\/wp-content\/uploads\/2017\/03\/163_01_02_FAMU_02-845x997.jpg\" class=\"attachment-large size-large\" alt=\"\" aria-describedby=\"gallery-1-2670\" srcset=\"https:\/\/photography.famu.cz\/archiv\/wp-content\/uploads\/2017\/03\/163_01_02_FAMU_02-845x997.jpg 845w, https:\/\/photography.famu.cz\/archiv\/wp-content\/uploads\/2017\/03\/163_01_02_FAMU_02-254x300.jpg 254w\" sizes=\"(max-width: 660px) 100vw, 660px\" \/><\/a>\n\t\t\t<\/div>\n\t\t\t\t<figcaption class='wp-caption-text gallery-caption' id='gallery-1-2670'>\n\t\t\t\t163_01_02_FAMU_02\n\t\t\t\t<\/figcaption><\/figure>\n\t\t<\/div>\n\n<div style=\"width: 640px;\" class=\"wp-video\"><!--[if lt IE 9]><script>document.createElement('video');<\/script><![endif]-->\n<video class=\"wp-video-shortcode\" id=\"video-2676-1\" width=\"640\" height=\"360\" preload=\"metadata\" controls=\"controls\"><source type=\"video\/mp4\" src=\"http:\/\/foto.amu.cz\/archiv\/wp-content\/uploads\/2017\/03\/163_01_02_FAMU_03.mp4?_=1\" \/><a href=\"http:\/\/foto.amu.cz\/archiv\/wp-content\/uploads\/2017\/03\/163_01_02_FAMU_03.mp4\">http:\/\/foto.amu.cz\/archiv\/wp-content\/uploads\/2017\/03\/163_01_02_FAMU_03.mp4<\/a><\/video><\/div>\n<div id='gallery-2' class='gallery galleryid-2676 gallery-columns-2 gallery-size-large'><figure class='gallery-item'>\n\t\t\t<div class='gallery-icon portrait'>\n\t\t\t\t<a href='https:\/\/photography.famu.cz\/archiv\/?attachment_id=2671'><img loading=\"lazy\" decoding=\"async\" width=\"660\" height=\"953\" src=\"https:\/\/photography.famu.cz\/archiv\/wp-content\/uploads\/2017\/03\/163_02_02_FAMU_01-709x1024.jpg\" class=\"attachment-large size-large\" alt=\"\" aria-describedby=\"gallery-2-2671\" srcset=\"https:\/\/photography.famu.cz\/archiv\/wp-content\/uploads\/2017\/03\/163_02_02_FAMU_01-709x1024.jpg 709w, https:\/\/photography.famu.cz\/archiv\/wp-content\/uploads\/2017\/03\/163_02_02_FAMU_01-208x300.jpg 208w\" sizes=\"(max-width: 660px) 100vw, 660px\" \/><\/a>\n\t\t\t<\/div>\n\t\t\t\t<figcaption class='wp-caption-text gallery-caption' id='gallery-2-2671'>\n\t\t\t\t163_02_02_FAMU_01\n\t\t\t\t<\/figcaption><\/figure><figure class='gallery-item'>\n\t\t\t<div class='gallery-icon portrait'>\n\t\t\t\t<a href='https:\/\/photography.famu.cz\/archiv\/?attachment_id=2672'><img loading=\"lazy\" decoding=\"async\" width=\"660\" height=\"736\" src=\"https:\/\/photography.famu.cz\/archiv\/wp-content\/uploads\/2017\/03\/163_02_02_FAMU_02-845x942.jpg\" class=\"attachment-large size-large\" alt=\"\" aria-describedby=\"gallery-2-2672\" srcset=\"https:\/\/photography.famu.cz\/archiv\/wp-content\/uploads\/2017\/03\/163_02_02_FAMU_02-845x942.jpg 845w, https:\/\/photography.famu.cz\/archiv\/wp-content\/uploads\/2017\/03\/163_02_02_FAMU_02-269x300.jpg 269w, https:\/\/photography.famu.cz\/archiv\/wp-content\/uploads\/2017\/03\/163_02_02_FAMU_02.jpg 2047w\" sizes=\"(max-width: 660px) 100vw, 660px\" \/><\/a>\n\t\t\t<\/div>\n\t\t\t\t<figcaption class='wp-caption-text gallery-caption' id='gallery-2-2672'>\n\t\t\t\t163_02_02_FAMU_02\n\t\t\t\t<\/figcaption><\/figure>\n\t\t<\/div>\n\n<div style=\"width: 640px;\" class=\"wp-video\"><video class=\"wp-video-shortcode\" id=\"video-2676-2\" width=\"640\" height=\"360\" preload=\"metadata\" controls=\"controls\"><source type=\"video\/mp4\" src=\"http:\/\/foto.amu.cz\/archiv\/wp-content\/uploads\/2017\/03\/163_02_02_FAMU_03.mp4?_=2\" \/><a href=\"http:\/\/foto.amu.cz\/archiv\/wp-content\/uploads\/2017\/03\/163_02_02_FAMU_03.mp4\">http:\/\/foto.amu.cz\/archiv\/wp-content\/uploads\/2017\/03\/163_02_02_FAMU_03.mp4<\/a><\/video><\/div>\n<p><a href=\"http:\/\/foto.amu.cz\/archiv\/wp-content\/uploads\/2017\/03\/Ko\u0159enkov\u00e1_Neviditeln\u00e1-fotografie-1.jpg\"><img loading=\"lazy\" decoding=\"async\" class=\"alignnone size-full wp-image-2686\" src=\"http:\/\/foto.amu.cz\/archiv\/wp-content\/uploads\/2017\/03\/Ko\u0159enkov\u00e1_Neviditeln\u00e1-fotografie-1.jpg\" alt=\"(Ne)viditeln\u00e1 fotografie\" width=\"1956\" height=\"2445\" srcset=\"https:\/\/photography.famu.cz\/archiv\/wp-content\/uploads\/2017\/03\/Ko\u0159enkov\u00e1_Neviditeln\u00e1-fotografie-1.jpg 1956w, https:\/\/photography.famu.cz\/archiv\/wp-content\/uploads\/2017\/03\/Ko\u0159enkov\u00e1_Neviditeln\u00e1-fotografie-1-240x300.jpg 240w, https:\/\/photography.famu.cz\/archiv\/wp-content\/uploads\/2017\/03\/Ko\u0159enkov\u00e1_Neviditeln\u00e1-fotografie-1-819x1024.jpg 819w\" sizes=\"(max-width: 1956px) 100vw, 1956px\" \/><\/a> <a href=\"http:\/\/foto.amu.cz\/archiv\/wp-content\/uploads\/2017\/03\/Ko\u0159enkov\u00e1_Neviditeln\u00e1-fotografie-2.jpg\"><img loading=\"lazy\" decoding=\"async\" class=\"alignnone size-full wp-image-2687\" src=\"http:\/\/foto.amu.cz\/archiv\/wp-content\/uploads\/2017\/03\/Ko\u0159enkov\u00e1_Neviditeln\u00e1-fotografie-2.jpg\" alt=\"(Ne)viditeln\u00e1 fotografie\" width=\"1906\" height=\"2382\" srcset=\"https:\/\/photography.famu.cz\/archiv\/wp-content\/uploads\/2017\/03\/Ko\u0159enkov\u00e1_Neviditeln\u00e1-fotografie-2.jpg 1906w, https:\/\/photography.famu.cz\/archiv\/wp-content\/uploads\/2017\/03\/Ko\u0159enkov\u00e1_Neviditeln\u00e1-fotografie-2-240x300.jpg 240w, https:\/\/photography.famu.cz\/archiv\/wp-content\/uploads\/2017\/03\/Ko\u0159enkov\u00e1_Neviditeln\u00e1-fotografie-2-819x1024.jpg 819w\" sizes=\"(max-width: 1906px) 100vw, 1906px\" \/><\/a><\/p>\n","protected":false},"excerpt":{"rendered":"<p>(Ne)viditeln\u00e1 fotografie<\/p>\n","protected":false},"author":1,"featured_media":0,"comment_status":"closed","ping_status":"closed","sticky":false,"template":"","format":"standard","meta":{"footnotes":""},"categories":[50,52],"tags":[],"_links":{"self":[{"href":"https:\/\/photography.famu.cz\/archiv\/index.php?rest_route=\/wp\/v2\/posts\/2676"}],"collection":[{"href":"https:\/\/photography.famu.cz\/archiv\/index.php?rest_route=\/wp\/v2\/posts"}],"about":[{"href":"https:\/\/photography.famu.cz\/archiv\/index.php?rest_route=\/wp\/v2\/types\/post"}],"author":[{"embeddable":true,"href":"https:\/\/photography.famu.cz\/archiv\/index.php?rest_route=\/wp\/v2\/users\/1"}],"replies":[{"embeddable":true,"href":"https:\/\/photography.famu.cz\/archiv\/index.php?rest_route=%2Fwp%2Fv2%2Fcomments&post=2676"}],"version-history":[{"count":5,"href":"https:\/\/photography.famu.cz\/archiv\/index.php?rest_route=\/wp\/v2\/posts\/2676\/revisions"}],"predecessor-version":[{"id":2921,"href":"https:\/\/photography.famu.cz\/archiv\/index.php?rest_route=\/wp\/v2\/posts\/2676\/revisions\/2921"}],"wp:attachment":[{"href":"https:\/\/photography.famu.cz\/archiv\/index.php?rest_route=%2Fwp%2Fv2%2Fmedia&parent=2676"}],"wp:term":[{"taxonomy":"category","embeddable":true,"href":"https:\/\/photography.famu.cz\/archiv\/index.php?rest_route=%2Fwp%2Fv2%2Fcategories&post=2676"},{"taxonomy":"post_tag","embeddable":true,"href":"https:\/\/photography.famu.cz\/archiv\/index.php?rest_route=%2Fwp%2Fv2%2Ftags&post=2676"}],"curies":[{"name":"wp","href":"https:\/\/api.w.org\/{rel}","templated":true}]}}