{"id":2689,"date":"2017-03-10T18:13:12","date_gmt":"2017-03-10T17:13:12","guid":{"rendered":"http:\/\/foto.amu.cz\/archiv\/?p=2689"},"modified":"2017-03-10T18:32:17","modified_gmt":"2017-03-10T17:32:17","slug":"stecker-david-2","status":"publish","type":"post","link":"https:\/\/photography.famu.cz\/archiv\/?p=2689","title":{"rendered":"Stecker David"},"content":{"rendered":"<p><em>Kouzlo fotografie tkv\u00ed v systematizaci tvo\u0159iv\u00e9ho aspektu sv\u011btla a destruktivn\u00ed roviny \u010dasu. Nebo naopak&#8230;?<\/em>\u00a0 0095_01_03_FAMU<\/p>\n<p><!--more--><\/p>\n<div id='gallery-1' class='gallery galleryid-2689 gallery-columns-5 gallery-size-large'><figure class='gallery-item'>\n\t\t\t<div class='gallery-icon portrait'>\n\t\t\t\t<a href='https:\/\/photography.famu.cz\/archiv\/?attachment_id=2690'><img loading=\"lazy\" decoding=\"async\" width=\"660\" height=\"895\" src=\"https:\/\/photography.famu.cz\/archiv\/wp-content\/uploads\/2017\/03\/stecker01-755x1024.jpg\" class=\"attachment-large size-large\" alt=\"\" srcset=\"https:\/\/photography.famu.cz\/archiv\/wp-content\/uploads\/2017\/03\/stecker01-755x1024.jpg 755w, https:\/\/photography.famu.cz\/archiv\/wp-content\/uploads\/2017\/03\/stecker01-221x300.jpg 221w\" sizes=\"(max-width: 660px) 100vw, 660px\" \/><\/a>\n\t\t\t<\/div><\/figure><figure class='gallery-item'>\n\t\t\t<div class='gallery-icon portrait'>\n\t\t\t\t<a href='https:\/\/photography.famu.cz\/archiv\/?attachment_id=2691'><img loading=\"lazy\" decoding=\"async\" width=\"660\" height=\"895\" src=\"https:\/\/photography.famu.cz\/archiv\/wp-content\/uploads\/2017\/03\/stecker02-755x1024.jpg\" class=\"attachment-large size-large\" alt=\"\" srcset=\"https:\/\/photography.famu.cz\/archiv\/wp-content\/uploads\/2017\/03\/stecker02-755x1024.jpg 755w, https:\/\/photography.famu.cz\/archiv\/wp-content\/uploads\/2017\/03\/stecker02-221x300.jpg 221w\" sizes=\"(max-width: 660px) 100vw, 660px\" \/><\/a>\n\t\t\t<\/div><\/figure><figure class='gallery-item'>\n\t\t\t<div class='gallery-icon portrait'>\n\t\t\t\t<a href='https:\/\/photography.famu.cz\/archiv\/?attachment_id=2692'><img loading=\"lazy\" decoding=\"async\" width=\"660\" height=\"895\" src=\"https:\/\/photography.famu.cz\/archiv\/wp-content\/uploads\/2017\/03\/stecker03-755x1024.jpg\" class=\"attachment-large size-large\" alt=\"\" srcset=\"https:\/\/photography.famu.cz\/archiv\/wp-content\/uploads\/2017\/03\/stecker03-755x1024.jpg 755w, https:\/\/photography.famu.cz\/archiv\/wp-content\/uploads\/2017\/03\/stecker03-221x300.jpg 221w\" sizes=\"(max-width: 660px) 100vw, 660px\" \/><\/a>\n\t\t\t<\/div><\/figure><figure class='gallery-item'>\n\t\t\t<div class='gallery-icon portrait'>\n\t\t\t\t<a href='https:\/\/photography.famu.cz\/archiv\/?attachment_id=2693'><img loading=\"lazy\" decoding=\"async\" width=\"660\" height=\"895\" src=\"https:\/\/photography.famu.cz\/archiv\/wp-content\/uploads\/2017\/03\/stecker04-755x1024.jpg\" class=\"attachment-large size-large\" alt=\"\" srcset=\"https:\/\/photography.famu.cz\/archiv\/wp-content\/uploads\/2017\/03\/stecker04-755x1024.jpg 755w, https:\/\/photography.famu.cz\/archiv\/wp-content\/uploads\/2017\/03\/stecker04-221x300.jpg 221w\" sizes=\"(max-width: 660px) 100vw, 660px\" \/><\/a>\n\t\t\t<\/div><\/figure><figure class='gallery-item'>\n\t\t\t<div class='gallery-icon portrait'>\n\t\t\t\t<a href='https:\/\/photography.famu.cz\/archiv\/?attachment_id=2694'><img loading=\"lazy\" decoding=\"async\" width=\"660\" height=\"895\" src=\"https:\/\/photography.famu.cz\/archiv\/wp-content\/uploads\/2017\/03\/stecker05-755x1024.jpg\" class=\"attachment-large size-large\" alt=\"\" srcset=\"https:\/\/photography.famu.cz\/archiv\/wp-content\/uploads\/2017\/03\/stecker05-755x1024.jpg 755w, https:\/\/photography.famu.cz\/archiv\/wp-content\/uploads\/2017\/03\/stecker05-221x300.jpg 221w\" sizes=\"(max-width: 660px) 100vw, 660px\" \/><\/a>\n\t\t\t<\/div><\/figure>\n\t\t<\/div>\n\n<p><a href=\"http:\/\/foto.amu.cz\/archiv\/wp-content\/uploads\/2017\/03\/pohled-do-gamu.jpg\"><img loading=\"lazy\" decoding=\"async\" class=\"alignleft wp-image-2695\" src=\"http:\/\/foto.amu.cz\/archiv\/wp-content\/uploads\/2017\/03\/pohled-do-gamu-845x563.jpg\" alt=\"pohled do gamu\" width=\"800\" height=\"533\" srcset=\"https:\/\/photography.famu.cz\/archiv\/wp-content\/uploads\/2017\/03\/pohled-do-gamu-845x563.jpg 845w, https:\/\/photography.famu.cz\/archiv\/wp-content\/uploads\/2017\/03\/pohled-do-gamu-300x200.jpg 300w\" sizes=\"(max-width: 800px) 100vw, 800px\" \/><\/a><\/p>\n<div id='gallery-2' class='gallery galleryid-2689 gallery-columns-2 gallery-size-large'><figure class='gallery-item'>\n\t\t\t<div class='gallery-icon portrait'>\n\t\t\t\t<a href='https:\/\/photography.famu.cz\/archiv\/?attachment_id=2696'><img loading=\"lazy\" decoding=\"async\" width=\"660\" height=\"960\" src=\"https:\/\/photography.famu.cz\/archiv\/wp-content\/uploads\/2017\/03\/David-Stecker-MG-projekt-1-704x1024.jpg\" class=\"attachment-large size-large\" alt=\"\" srcset=\"https:\/\/photography.famu.cz\/archiv\/wp-content\/uploads\/2017\/03\/David-Stecker-MG-projekt-1-704x1024.jpg 704w, https:\/\/photography.famu.cz\/archiv\/wp-content\/uploads\/2017\/03\/David-Stecker-MG-projekt-1-206x300.jpg 206w\" sizes=\"(max-width: 660px) 100vw, 660px\" \/><\/a>\n\t\t\t<\/div><\/figure><figure class='gallery-item'>\n\t\t\t<div class='gallery-icon portrait'>\n\t\t\t\t<a href='https:\/\/photography.famu.cz\/archiv\/?attachment_id=2697'><img loading=\"lazy\" decoding=\"async\" width=\"660\" height=\"960\" src=\"https:\/\/photography.famu.cz\/archiv\/wp-content\/uploads\/2017\/03\/David-Stecker-MG-projekt-2-704x1024.jpg\" class=\"attachment-large size-large\" alt=\"\" srcset=\"https:\/\/photography.famu.cz\/archiv\/wp-content\/uploads\/2017\/03\/David-Stecker-MG-projekt-2-704x1024.jpg 704w, https:\/\/photography.famu.cz\/archiv\/wp-content\/uploads\/2017\/03\/David-Stecker-MG-projekt-2-206x300.jpg 206w\" sizes=\"(max-width: 660px) 100vw, 660px\" \/><\/a>\n\t\t\t<\/div><\/figure>\n\t\t<\/div>\n\n<p>&nbsp;<\/p>\n","protected":false},"excerpt":{"rendered":"<p>Kouzlo fotografie tkv\u00ed v systematizaci tvo\u0159iv\u00e9ho aspektu sv\u011btla a destruktivn\u00ed roviny \u010dasu. Nebo naopak&#8230;?\u00a0 0095_01_03_FAMU<\/p>\n","protected":false},"author":1,"featured_media":0,"comment_status":"closed","ping_status":"closed","sticky":false,"template":"","format":"standard","meta":{"footnotes":""},"categories":[24,41],"tags":[],"_links":{"self":[{"href":"https:\/\/photography.famu.cz\/archiv\/index.php?rest_route=\/wp\/v2\/posts\/2689"}],"collection":[{"href":"https:\/\/photography.famu.cz\/archiv\/index.php?rest_route=\/wp\/v2\/posts"}],"about":[{"href":"https:\/\/photography.famu.cz\/archiv\/index.php?rest_route=\/wp\/v2\/types\/post"}],"author":[{"embeddable":true,"href":"https:\/\/photography.famu.cz\/archiv\/index.php?rest_route=\/wp\/v2\/users\/1"}],"replies":[{"embeddable":true,"href":"https:\/\/photography.famu.cz\/archiv\/index.php?rest_route=%2Fwp%2Fv2%2Fcomments&post=2689"}],"version-history":[{"count":17,"href":"https:\/\/photography.famu.cz\/archiv\/index.php?rest_route=\/wp\/v2\/posts\/2689\/revisions"}],"predecessor-version":[{"id":2714,"href":"https:\/\/photography.famu.cz\/archiv\/index.php?rest_route=\/wp\/v2\/posts\/2689\/revisions\/2714"}],"wp:attachment":[{"href":"https:\/\/photography.famu.cz\/archiv\/index.php?rest_route=%2Fwp%2Fv2%2Fmedia&parent=2689"}],"wp:term":[{"taxonomy":"category","embeddable":true,"href":"https:\/\/photography.famu.cz\/archiv\/index.php?rest_route=%2Fwp%2Fv2%2Fcategories&post=2689"},{"taxonomy":"post_tag","embeddable":true,"href":"https:\/\/photography.famu.cz\/archiv\/index.php?rest_route=%2Fwp%2Fv2%2Ftags&post=2689"}],"curies":[{"name":"wp","href":"https:\/\/api.w.org\/{rel}","templated":true}]}}