{"id":3281,"date":"2019-12-02T15:12:29","date_gmt":"2019-12-02T14:12:29","guid":{"rendered":"http:\/\/foto.amu.cz\/archiv\/?p=3281"},"modified":"2019-12-02T15:12:29","modified_gmt":"2019-12-02T14:12:29","slug":"tvaruzka-vaclav-7","status":"publish","type":"post","link":"https:\/\/photography.famu.cz\/archiv\/?p=3281","title":{"rendered":"Tvar\u016f\u017eka V\u00e1clav"},"content":{"rendered":"<p>Recyklovan\u00e9 pr\u00e1ce 2019 \/ Recycled Works 2019<!--more--><\/p>\n<div id='gallery-1' class='gallery galleryid-3281 gallery-columns-1 gallery-size-full'><figure class='gallery-item'>\n\t\t\t<div class='gallery-icon portrait'>\n\t\t\t\t<a href='https:\/\/photography.famu.cz\/archiv\/?attachment_id=3269'><img loading=\"lazy\" decoding=\"async\" width=\"1350\" height=\"1800\" src=\"https:\/\/photography.famu.cz\/archiv\/wp-content\/uploads\/2019\/12\/226-01-09-FAMU.jpg\" class=\"attachment-full size-full\" alt=\"\" aria-describedby=\"gallery-1-3269\" srcset=\"https:\/\/photography.famu.cz\/archiv\/wp-content\/uploads\/2019\/12\/226-01-09-FAMU.jpg 1350w, https:\/\/photography.famu.cz\/archiv\/wp-content\/uploads\/2019\/12\/226-01-09-FAMU-225x300.jpg 225w, https:\/\/photography.famu.cz\/archiv\/wp-content\/uploads\/2019\/12\/226-01-09-FAMU-768x1024.jpg 768w\" sizes=\"(max-width: 1350px) 100vw, 1350px\" \/><\/a>\n\t\t\t<\/div>\n\t\t\t\t<figcaption class='wp-caption-text gallery-caption' id='gallery-1-3269'>\n\t\t\t\t226-01-09-FAMU\n\t\t\t\t<\/figcaption><\/figure><figure class='gallery-item'>\n\t\t\t<div class='gallery-icon portrait'>\n\t\t\t\t<a href='https:\/\/photography.famu.cz\/archiv\/?attachment_id=3270'><img loading=\"lazy\" decoding=\"async\" width=\"1350\" height=\"1800\" src=\"https:\/\/photography.famu.cz\/archiv\/wp-content\/uploads\/2019\/12\/226-02-09-FAMU.jpg\" class=\"attachment-full size-full\" alt=\"\" aria-describedby=\"gallery-1-3270\" srcset=\"https:\/\/photography.famu.cz\/archiv\/wp-content\/uploads\/2019\/12\/226-02-09-FAMU.jpg 1350w, https:\/\/photography.famu.cz\/archiv\/wp-content\/uploads\/2019\/12\/226-02-09-FAMU-225x300.jpg 225w, https:\/\/photography.famu.cz\/archiv\/wp-content\/uploads\/2019\/12\/226-02-09-FAMU-768x1024.jpg 768w\" sizes=\"(max-width: 1350px) 100vw, 1350px\" \/><\/a>\n\t\t\t<\/div>\n\t\t\t\t<figcaption class='wp-caption-text gallery-caption' id='gallery-1-3270'>\n\t\t\t\t226-02-09-FAMU\n\t\t\t\t<\/figcaption><\/figure><figure class='gallery-item'>\n\t\t\t<div class='gallery-icon portrait'>\n\t\t\t\t<a href='https:\/\/photography.famu.cz\/archiv\/?attachment_id=3271'><img loading=\"lazy\" decoding=\"async\" width=\"1344\" height=\"1800\" src=\"https:\/\/photography.famu.cz\/archiv\/wp-content\/uploads\/2019\/12\/226-03-09-FAMU.jpg\" class=\"attachment-full size-full\" alt=\"\" aria-describedby=\"gallery-1-3271\" srcset=\"https:\/\/photography.famu.cz\/archiv\/wp-content\/uploads\/2019\/12\/226-03-09-FAMU.jpg 1344w, https:\/\/photography.famu.cz\/archiv\/wp-content\/uploads\/2019\/12\/226-03-09-FAMU-224x300.jpg 224w, https:\/\/photography.famu.cz\/archiv\/wp-content\/uploads\/2019\/12\/226-03-09-FAMU-765x1024.jpg 765w\" sizes=\"(max-width: 1344px) 100vw, 1344px\" \/><\/a>\n\t\t\t<\/div>\n\t\t\t\t<figcaption class='wp-caption-text gallery-caption' id='gallery-1-3271'>\n\t\t\t\t226-03-09-FAMU\n\t\t\t\t<\/figcaption><\/figure><figure class='gallery-item'>\n\t\t\t<div class='gallery-icon portrait'>\n\t\t\t\t<a href='https:\/\/photography.famu.cz\/archiv\/?attachment_id=3272'><img loading=\"lazy\" decoding=\"async\" width=\"1350\" height=\"1800\" src=\"https:\/\/photography.famu.cz\/archiv\/wp-content\/uploads\/2019\/12\/226-04-09-FAMU.jpg\" class=\"attachment-full size-full\" alt=\"\" aria-describedby=\"gallery-1-3272\" srcset=\"https:\/\/photography.famu.cz\/archiv\/wp-content\/uploads\/2019\/12\/226-04-09-FAMU.jpg 1350w, https:\/\/photography.famu.cz\/archiv\/wp-content\/uploads\/2019\/12\/226-04-09-FAMU-225x300.jpg 225w, https:\/\/photography.famu.cz\/archiv\/wp-content\/uploads\/2019\/12\/226-04-09-FAMU-768x1024.jpg 768w\" sizes=\"(max-width: 1350px) 100vw, 1350px\" \/><\/a>\n\t\t\t<\/div>\n\t\t\t\t<figcaption class='wp-caption-text gallery-caption' id='gallery-1-3272'>\n\t\t\t\t226-04-09-FAMU\n\t\t\t\t<\/figcaption><\/figure><figure class='gallery-item'>\n\t\t\t<div class='gallery-icon portrait'>\n\t\t\t\t<a href='https:\/\/photography.famu.cz\/archiv\/?attachment_id=3273'><img loading=\"lazy\" decoding=\"async\" width=\"1350\" height=\"1800\" src=\"https:\/\/photography.famu.cz\/archiv\/wp-content\/uploads\/2019\/12\/226-05-09-FAMU.jpg\" class=\"attachment-full size-full\" alt=\"\" aria-describedby=\"gallery-1-3273\" srcset=\"https:\/\/photography.famu.cz\/archiv\/wp-content\/uploads\/2019\/12\/226-05-09-FAMU.jpg 1350w, https:\/\/photography.famu.cz\/archiv\/wp-content\/uploads\/2019\/12\/226-05-09-FAMU-225x300.jpg 225w, https:\/\/photography.famu.cz\/archiv\/wp-content\/uploads\/2019\/12\/226-05-09-FAMU-768x1024.jpg 768w\" sizes=\"(max-width: 1350px) 100vw, 1350px\" \/><\/a>\n\t\t\t<\/div>\n\t\t\t\t<figcaption class='wp-caption-text gallery-caption' id='gallery-1-3273'>\n\t\t\t\t226-05-09-FAMU\n\t\t\t\t<\/figcaption><\/figure><figure class='gallery-item'>\n\t\t\t<div class='gallery-icon portrait'>\n\t\t\t\t<a href='https:\/\/photography.famu.cz\/archiv\/?attachment_id=3274'><img loading=\"lazy\" decoding=\"async\" width=\"1359\" height=\"1800\" src=\"https:\/\/photography.famu.cz\/archiv\/wp-content\/uploads\/2019\/12\/226-06-09-FAMU.jpg\" class=\"attachment-full size-full\" alt=\"\" aria-describedby=\"gallery-1-3274\" srcset=\"https:\/\/photography.famu.cz\/archiv\/wp-content\/uploads\/2019\/12\/226-06-09-FAMU.jpg 1359w, https:\/\/photography.famu.cz\/archiv\/wp-content\/uploads\/2019\/12\/226-06-09-FAMU-227x300.jpg 227w, https:\/\/photography.famu.cz\/archiv\/wp-content\/uploads\/2019\/12\/226-06-09-FAMU-773x1024.jpg 773w\" sizes=\"(max-width: 1359px) 100vw, 1359px\" \/><\/a>\n\t\t\t<\/div>\n\t\t\t\t<figcaption class='wp-caption-text gallery-caption' id='gallery-1-3274'>\n\t\t\t\t226-06-09-FAMU\n\t\t\t\t<\/figcaption><\/figure><figure class='gallery-item'>\n\t\t\t<div class='gallery-icon portrait'>\n\t\t\t\t<a href='https:\/\/photography.famu.cz\/archiv\/?attachment_id=3275'><img loading=\"lazy\" decoding=\"async\" width=\"1354\" height=\"1800\" src=\"https:\/\/photography.famu.cz\/archiv\/wp-content\/uploads\/2019\/12\/226-07-09-FAMU.jpg\" class=\"attachment-full size-full\" alt=\"\" aria-describedby=\"gallery-1-3275\" srcset=\"https:\/\/photography.famu.cz\/archiv\/wp-content\/uploads\/2019\/12\/226-07-09-FAMU.jpg 1354w, https:\/\/photography.famu.cz\/archiv\/wp-content\/uploads\/2019\/12\/226-07-09-FAMU-226x300.jpg 226w, https:\/\/photography.famu.cz\/archiv\/wp-content\/uploads\/2019\/12\/226-07-09-FAMU-770x1024.jpg 770w\" sizes=\"(max-width: 1354px) 100vw, 1354px\" \/><\/a>\n\t\t\t<\/div>\n\t\t\t\t<figcaption class='wp-caption-text gallery-caption' id='gallery-1-3275'>\n\t\t\t\t226-07-09-FAMU\n\t\t\t\t<\/figcaption><\/figure><figure class='gallery-item'>\n\t\t\t<div class='gallery-icon portrait'>\n\t\t\t\t<a href='https:\/\/photography.famu.cz\/archiv\/?attachment_id=3276'><img loading=\"lazy\" decoding=\"async\" width=\"1308\" height=\"1800\" src=\"https:\/\/photography.famu.cz\/archiv\/wp-content\/uploads\/2019\/12\/226-08-09-FAMU.jpg\" class=\"attachment-full size-full\" alt=\"\" aria-describedby=\"gallery-1-3276\" srcset=\"https:\/\/photography.famu.cz\/archiv\/wp-content\/uploads\/2019\/12\/226-08-09-FAMU.jpg 1308w, https:\/\/photography.famu.cz\/archiv\/wp-content\/uploads\/2019\/12\/226-08-09-FAMU-218x300.jpg 218w, https:\/\/photography.famu.cz\/archiv\/wp-content\/uploads\/2019\/12\/226-08-09-FAMU-744x1024.jpg 744w\" sizes=\"(max-width: 1308px) 100vw, 1308px\" \/><\/a>\n\t\t\t<\/div>\n\t\t\t\t<figcaption class='wp-caption-text gallery-caption' id='gallery-1-3276'>\n\t\t\t\t226-08-09-FAMU\n\t\t\t\t<\/figcaption><\/figure><figure class='gallery-item'>\n\t\t\t<div class='gallery-icon portrait'>\n\t\t\t\t<a href='https:\/\/photography.famu.cz\/archiv\/?attachment_id=3277'><img loading=\"lazy\" decoding=\"async\" width=\"1350\" height=\"1800\" src=\"https:\/\/photography.famu.cz\/archiv\/wp-content\/uploads\/2019\/12\/226-09-09-FAMU.jpg\" class=\"attachment-full size-full\" alt=\"\" aria-describedby=\"gallery-1-3277\" srcset=\"https:\/\/photography.famu.cz\/archiv\/wp-content\/uploads\/2019\/12\/226-09-09-FAMU.jpg 1350w, https:\/\/photography.famu.cz\/archiv\/wp-content\/uploads\/2019\/12\/226-09-09-FAMU-225x300.jpg 225w, https:\/\/photography.famu.cz\/archiv\/wp-content\/uploads\/2019\/12\/226-09-09-FAMU-768x1024.jpg 768w\" sizes=\"(max-width: 1350px) 100vw, 1350px\" \/><\/a>\n\t\t\t<\/div>\n\t\t\t\t<figcaption class='wp-caption-text gallery-caption' id='gallery-1-3277'>\n\t\t\t\t226-09-09-FAMU\n\t\t\t\t<\/figcaption><\/figure>\n\t\t<\/div>\n\n","protected":false},"excerpt":{"rendered":"<p>Recyklovan\u00e9 pr\u00e1ce 2019 \/ Recycled Works 2019<\/p>\n","protected":false},"author":1,"featured_media":0,"comment_status":"closed","ping_status":"closed","sticky":false,"template":"","format":"standard","meta":{"footnotes":""},"categories":[68,70],"tags":[],"_links":{"self":[{"href":"https:\/\/photography.famu.cz\/archiv\/index.php?rest_route=\/wp\/v2\/posts\/3281"}],"collection":[{"href":"https:\/\/photography.famu.cz\/archiv\/index.php?rest_route=\/wp\/v2\/posts"}],"about":[{"href":"https:\/\/photography.famu.cz\/archiv\/index.php?rest_route=\/wp\/v2\/types\/post"}],"author":[{"embeddable":true,"href":"https:\/\/photography.famu.cz\/archiv\/index.php?rest_route=\/wp\/v2\/users\/1"}],"replies":[{"embeddable":true,"href":"https:\/\/photography.famu.cz\/archiv\/index.php?rest_route=%2Fwp%2Fv2%2Fcomments&post=3281"}],"version-history":[{"count":1,"href":"https:\/\/photography.famu.cz\/archiv\/index.php?rest_route=\/wp\/v2\/posts\/3281\/revisions"}],"predecessor-version":[{"id":3282,"href":"https:\/\/photography.famu.cz\/archiv\/index.php?rest_route=\/wp\/v2\/posts\/3281\/revisions\/3282"}],"wp:attachment":[{"href":"https:\/\/photography.famu.cz\/archiv\/index.php?rest_route=%2Fwp%2Fv2%2Fmedia&parent=3281"}],"wp:term":[{"taxonomy":"category","embeddable":true,"href":"https:\/\/photography.famu.cz\/archiv\/index.php?rest_route=%2Fwp%2Fv2%2Fcategories&post=3281"},{"taxonomy":"post_tag","embeddable":true,"href":"https:\/\/photography.famu.cz\/archiv\/index.php?rest_route=%2Fwp%2Fv2%2Ftags&post=3281"}],"curies":[{"name":"wp","href":"https:\/\/api.w.org\/{rel}","templated":true}]}}