{"id":3399,"date":"2020-01-05T20:38:32","date_gmt":"2020-01-05T19:38:32","guid":{"rendered":"http:\/\/foto.amu.cz\/archiv\/?p=3399"},"modified":"2020-01-05T20:47:12","modified_gmt":"2020-01-05T19:47:12","slug":"sevcikova-natalie","status":"publish","type":"post","link":"https:\/\/photography.famu.cz\/archiv\/?p=3399","title":{"rendered":"\u0160ev\u010d\u00edkov\u00e1 Nat\u00e1lie"},"content":{"rendered":"<p><em>Mahulena<\/em><br \/>\n0215-01-01-FAMU<\/p>\n<p><!--more--><\/p>\n<div id='gallery-1' class='gallery galleryid-3399 gallery-columns-1 gallery-size-full'><figure class='gallery-item'>\n\t\t\t<div class='gallery-icon landscape'>\n\t\t\t\t<a href='https:\/\/photography.famu.cz\/archiv\/?attachment_id=3400'><img loading=\"lazy\" decoding=\"async\" width=\"1200\" height=\"801\" src=\"https:\/\/photography.famu.cz\/archiv\/wp-content\/uploads\/2020\/01\/sevcikova_1.jpg\" class=\"attachment-full size-full\" alt=\"\" srcset=\"https:\/\/photography.famu.cz\/archiv\/wp-content\/uploads\/2020\/01\/sevcikova_1.jpg 1200w, https:\/\/photography.famu.cz\/archiv\/wp-content\/uploads\/2020\/01\/sevcikova_1-300x200.jpg 300w, https:\/\/photography.famu.cz\/archiv\/wp-content\/uploads\/2020\/01\/sevcikova_1-845x564.jpg 845w\" sizes=\"(max-width: 1200px) 100vw, 1200px\" \/><\/a>\n\t\t\t<\/div><\/figure><figure class='gallery-item'>\n\t\t\t<div class='gallery-icon landscape'>\n\t\t\t\t<a href='https:\/\/photography.famu.cz\/archiv\/?attachment_id=3401'><img loading=\"lazy\" decoding=\"async\" width=\"1200\" height=\"800\" src=\"https:\/\/photography.famu.cz\/archiv\/wp-content\/uploads\/2020\/01\/sevcikova_2.jpg\" class=\"attachment-full size-full\" alt=\"\" srcset=\"https:\/\/photography.famu.cz\/archiv\/wp-content\/uploads\/2020\/01\/sevcikova_2.jpg 1200w, https:\/\/photography.famu.cz\/archiv\/wp-content\/uploads\/2020\/01\/sevcikova_2-300x200.jpg 300w, https:\/\/photography.famu.cz\/archiv\/wp-content\/uploads\/2020\/01\/sevcikova_2-845x563.jpg 845w\" sizes=\"(max-width: 1200px) 100vw, 1200px\" \/><\/a>\n\t\t\t<\/div><\/figure>\n\t\t<\/div>\n\n<p><!--more--><\/p>\n","protected":false},"excerpt":{"rendered":"<p>Mahulena 0215-01-01-FAMU<\/p>\n","protected":false},"author":1,"featured_media":0,"comment_status":"closed","ping_status":"closed","sticky":false,"template":"","format":"standard","meta":{"footnotes":""},"categories":[68,69],"tags":[],"_links":{"self":[{"href":"https:\/\/photography.famu.cz\/archiv\/index.php?rest_route=\/wp\/v2\/posts\/3399"}],"collection":[{"href":"https:\/\/photography.famu.cz\/archiv\/index.php?rest_route=\/wp\/v2\/posts"}],"about":[{"href":"https:\/\/photography.famu.cz\/archiv\/index.php?rest_route=\/wp\/v2\/types\/post"}],"author":[{"embeddable":true,"href":"https:\/\/photography.famu.cz\/archiv\/index.php?rest_route=\/wp\/v2\/users\/1"}],"replies":[{"embeddable":true,"href":"https:\/\/photography.famu.cz\/archiv\/index.php?rest_route=%2Fwp%2Fv2%2Fcomments&post=3399"}],"version-history":[{"count":4,"href":"https:\/\/photography.famu.cz\/archiv\/index.php?rest_route=\/wp\/v2\/posts\/3399\/revisions"}],"predecessor-version":[{"id":3405,"href":"https:\/\/photography.famu.cz\/archiv\/index.php?rest_route=\/wp\/v2\/posts\/3399\/revisions\/3405"}],"wp:attachment":[{"href":"https:\/\/photography.famu.cz\/archiv\/index.php?rest_route=%2Fwp%2Fv2%2Fmedia&parent=3399"}],"wp:term":[{"taxonomy":"category","embeddable":true,"href":"https:\/\/photography.famu.cz\/archiv\/index.php?rest_route=%2Fwp%2Fv2%2Fcategories&post=3399"},{"taxonomy":"post_tag","embeddable":true,"href":"https:\/\/photography.famu.cz\/archiv\/index.php?rest_route=%2Fwp%2Fv2%2Ftags&post=3399"}],"curies":[{"name":"wp","href":"https:\/\/api.w.org\/{rel}","templated":true}]}}