{"id":3417,"date":"2020-02-06T16:07:46","date_gmt":"2020-02-06T15:07:46","guid":{"rendered":"http:\/\/foto.amu.cz\/archiv\/?p=3417"},"modified":"2020-04-03T19:08:24","modified_gmt":"2020-04-03T18:08:24","slug":"kucera-jan","status":"publish","type":"post","link":"https:\/\/photography.famu.cz\/archiv\/?p=3417","title":{"rendered":"Ku\u010dera Jan"},"content":{"rendered":"<p>Entomologick\u00fd atlas sv\u011bteln\u00e9ho zne\u010di\u0161t\u011bn\u00ed \/<br \/>\nThe Entomological Atlas of Light Pollution<\/p>\n<p><!--more--><\/p>\n<div id='gallery-1' class='gallery galleryid-3417 gallery-columns-2 gallery-size-full'><figure class='gallery-item'>\n\t\t\t<div class='gallery-icon portrait'>\n\t\t\t\t<a href='https:\/\/photography.famu.cz\/archiv\/?attachment_id=3421'><img loading=\"lazy\" decoding=\"async\" width=\"1490\" height=\"2000\" src=\"https:\/\/photography.famu.cz\/archiv\/wp-content\/uploads\/2020\/02\/0212-05-05-FAMU.jpg\" class=\"attachment-full size-full\" alt=\"\" aria-describedby=\"gallery-1-3421\" srcset=\"https:\/\/photography.famu.cz\/archiv\/wp-content\/uploads\/2020\/02\/0212-05-05-FAMU.jpg 1490w, https:\/\/photography.famu.cz\/archiv\/wp-content\/uploads\/2020\/02\/0212-05-05-FAMU-224x300.jpg 224w, https:\/\/photography.famu.cz\/archiv\/wp-content\/uploads\/2020\/02\/0212-05-05-FAMU-763x1024.jpg 763w\" sizes=\"(max-width: 1490px) 100vw, 1490px\" \/><\/a>\n\t\t\t<\/div>\n\t\t\t\t<figcaption class='wp-caption-text gallery-caption' id='gallery-1-3421'>\n\t\t\t\t0212-05-05-FAMU\n\t\t\t\t<\/figcaption><\/figure><figure class='gallery-item'>\n\t\t\t<div class='gallery-icon portrait'>\n\t\t\t\t<a href='https:\/\/photography.famu.cz\/archiv\/?attachment_id=3420'><img loading=\"lazy\" decoding=\"async\" width=\"1490\" height=\"2000\" src=\"https:\/\/photography.famu.cz\/archiv\/wp-content\/uploads\/2020\/02\/0212-04-05-FAMU.jpg\" class=\"attachment-full size-full\" alt=\"\" aria-describedby=\"gallery-1-3420\" srcset=\"https:\/\/photography.famu.cz\/archiv\/wp-content\/uploads\/2020\/02\/0212-04-05-FAMU.jpg 1490w, https:\/\/photography.famu.cz\/archiv\/wp-content\/uploads\/2020\/02\/0212-04-05-FAMU-224x300.jpg 224w, https:\/\/photography.famu.cz\/archiv\/wp-content\/uploads\/2020\/02\/0212-04-05-FAMU-763x1024.jpg 763w\" sizes=\"(max-width: 1490px) 100vw, 1490px\" \/><\/a>\n\t\t\t<\/div>\n\t\t\t\t<figcaption class='wp-caption-text gallery-caption' id='gallery-1-3420'>\n\t\t\t\t0212-04-05-FAMU\n\t\t\t\t<\/figcaption><\/figure><figure class='gallery-item'>\n\t\t\t<div class='gallery-icon portrait'>\n\t\t\t\t<a href='https:\/\/photography.famu.cz\/archiv\/?attachment_id=3419'><img loading=\"lazy\" decoding=\"async\" width=\"1490\" height=\"2000\" src=\"https:\/\/photography.famu.cz\/archiv\/wp-content\/uploads\/2020\/02\/0212-03-05-FAMU.jpg\" class=\"attachment-full size-full\" alt=\"\" aria-describedby=\"gallery-1-3419\" srcset=\"https:\/\/photography.famu.cz\/archiv\/wp-content\/uploads\/2020\/02\/0212-03-05-FAMU.jpg 1490w, https:\/\/photography.famu.cz\/archiv\/wp-content\/uploads\/2020\/02\/0212-03-05-FAMU-224x300.jpg 224w, https:\/\/photography.famu.cz\/archiv\/wp-content\/uploads\/2020\/02\/0212-03-05-FAMU-763x1024.jpg 763w\" sizes=\"(max-width: 1490px) 100vw, 1490px\" \/><\/a>\n\t\t\t<\/div>\n\t\t\t\t<figcaption class='wp-caption-text gallery-caption' id='gallery-1-3419'>\n\t\t\t\t0212-03-05-FAMU\n\t\t\t\t<\/figcaption><\/figure><figure class='gallery-item'>\n\t\t\t<div class='gallery-icon portrait'>\n\t\t\t\t<a href='https:\/\/photography.famu.cz\/archiv\/?attachment_id=3418'><img loading=\"lazy\" decoding=\"async\" width=\"1490\" height=\"2000\" src=\"https:\/\/photography.famu.cz\/archiv\/wp-content\/uploads\/2020\/02\/0212-02-05-FAMU.jpg\" class=\"attachment-full size-full\" alt=\"\" aria-describedby=\"gallery-1-3418\" srcset=\"https:\/\/photography.famu.cz\/archiv\/wp-content\/uploads\/2020\/02\/0212-02-05-FAMU.jpg 1490w, https:\/\/photography.famu.cz\/archiv\/wp-content\/uploads\/2020\/02\/0212-02-05-FAMU-224x300.jpg 224w, https:\/\/photography.famu.cz\/archiv\/wp-content\/uploads\/2020\/02\/0212-02-05-FAMU-763x1024.jpg 763w\" sizes=\"(max-width: 1490px) 100vw, 1490px\" \/><\/a>\n\t\t\t<\/div>\n\t\t\t\t<figcaption class='wp-caption-text gallery-caption' id='gallery-1-3418'>\n\t\t\t\t0212-02-05-FAMU\n\t\t\t\t<\/figcaption><\/figure><figure class='gallery-item'>\n\t\t\t<div class='gallery-icon portrait'>\n\t\t\t\t<a href='https:\/\/photography.famu.cz\/archiv\/?attachment_id=3422'><img loading=\"lazy\" decoding=\"async\" width=\"1490\" height=\"2000\" src=\"https:\/\/photography.famu.cz\/archiv\/wp-content\/uploads\/2020\/02\/0212-01-05-FAMU.jpg\" class=\"attachment-full size-full\" alt=\"\" aria-describedby=\"gallery-1-3422\" srcset=\"https:\/\/photography.famu.cz\/archiv\/wp-content\/uploads\/2020\/02\/0212-01-05-FAMU.jpg 1490w, https:\/\/photography.famu.cz\/archiv\/wp-content\/uploads\/2020\/02\/0212-01-05-FAMU-224x300.jpg 224w, https:\/\/photography.famu.cz\/archiv\/wp-content\/uploads\/2020\/02\/0212-01-05-FAMU-763x1024.jpg 763w\" sizes=\"(max-width: 1490px) 100vw, 1490px\" \/><\/a>\n\t\t\t<\/div>\n\t\t\t\t<figcaption class='wp-caption-text gallery-caption' id='gallery-1-3422'>\n\t\t\t\t0212-01-05-FAMU\n\t\t\t\t<\/figcaption><\/figure>\n\t\t<\/div>\n\n","protected":false},"excerpt":{"rendered":"<p>Entomologick\u00fd atlas sv\u011bteln\u00e9ho zne\u010di\u0161t\u011bn\u00ed \/ The Entomological Atlas of Light Pollution<\/p>\n","protected":false},"author":1,"featured_media":0,"comment_status":"closed","ping_status":"closed","sticky":false,"template":"","format":"standard","meta":{"footnotes":""},"categories":[68,69],"tags":[],"_links":{"self":[{"href":"https:\/\/photography.famu.cz\/archiv\/index.php?rest_route=\/wp\/v2\/posts\/3417"}],"collection":[{"href":"https:\/\/photography.famu.cz\/archiv\/index.php?rest_route=\/wp\/v2\/posts"}],"about":[{"href":"https:\/\/photography.famu.cz\/archiv\/index.php?rest_route=\/wp\/v2\/types\/post"}],"author":[{"embeddable":true,"href":"https:\/\/photography.famu.cz\/archiv\/index.php?rest_route=\/wp\/v2\/users\/1"}],"replies":[{"embeddable":true,"href":"https:\/\/photography.famu.cz\/archiv\/index.php?rest_route=%2Fwp%2Fv2%2Fcomments&post=3417"}],"version-history":[{"count":2,"href":"https:\/\/photography.famu.cz\/archiv\/index.php?rest_route=\/wp\/v2\/posts\/3417\/revisions"}],"predecessor-version":[{"id":3437,"href":"https:\/\/photography.famu.cz\/archiv\/index.php?rest_route=\/wp\/v2\/posts\/3417\/revisions\/3437"}],"wp:attachment":[{"href":"https:\/\/photography.famu.cz\/archiv\/index.php?rest_route=%2Fwp%2Fv2%2Fmedia&parent=3417"}],"wp:term":[{"taxonomy":"category","embeddable":true,"href":"https:\/\/photography.famu.cz\/archiv\/index.php?rest_route=%2Fwp%2Fv2%2Fcategories&post=3417"},{"taxonomy":"post_tag","embeddable":true,"href":"https:\/\/photography.famu.cz\/archiv\/index.php?rest_route=%2Fwp%2Fv2%2Ftags&post=3417"}],"curies":[{"name":"wp","href":"https:\/\/api.w.org\/{rel}","templated":true}]}}