{"id":3529,"date":"2020-05-22T17:33:09","date_gmt":"2020-05-22T16:33:09","guid":{"rendered":"http:\/\/foto.amu.cz\/archiv\/?p=3529"},"modified":"2020-05-22T17:33:09","modified_gmt":"2020-05-22T16:33:09","slug":"verespej-jonas-2","status":"publish","type":"post","link":"https:\/\/photography.famu.cz\/archiv\/?p=3529","title":{"rendered":"Vere\u0161pej Jon\u00e1\u0161"},"content":{"rendered":"<p>Durable Images II<br \/>\ninstalace 30 foto 6 x 8 cm<\/p>\n<p><!--more--><\/p>\n<div id='gallery-1' class='gallery galleryid-3529 gallery-columns-1 gallery-size-full'><figure class='gallery-item'>\n\t\t\t<div class='gallery-icon landscape'>\n\t\t\t\t<a href='https:\/\/photography.famu.cz\/archiv\/?attachment_id=3530'><img loading=\"lazy\" decoding=\"async\" width=\"1200\" height=\"801\" src=\"https:\/\/photography.famu.cz\/archiv\/wp-content\/uploads\/2020\/05\/verespej_1.jpg\" class=\"attachment-full size-full\" alt=\"\" srcset=\"https:\/\/photography.famu.cz\/archiv\/wp-content\/uploads\/2020\/05\/verespej_1.jpg 1200w, https:\/\/photography.famu.cz\/archiv\/wp-content\/uploads\/2020\/05\/verespej_1-300x200.jpg 300w, https:\/\/photography.famu.cz\/archiv\/wp-content\/uploads\/2020\/05\/verespej_1-845x564.jpg 845w\" sizes=\"(max-width: 1200px) 100vw, 1200px\" \/><\/a>\n\t\t\t<\/div><\/figure><figure class='gallery-item'>\n\t\t\t<div class='gallery-icon landscape'>\n\t\t\t\t<a href='https:\/\/photography.famu.cz\/archiv\/?attachment_id=3531'><img loading=\"lazy\" decoding=\"async\" width=\"1200\" height=\"800\" src=\"https:\/\/photography.famu.cz\/archiv\/wp-content\/uploads\/2020\/05\/verespej_2.jpg\" class=\"attachment-full size-full\" alt=\"\" srcset=\"https:\/\/photography.famu.cz\/archiv\/wp-content\/uploads\/2020\/05\/verespej_2.jpg 1200w, https:\/\/photography.famu.cz\/archiv\/wp-content\/uploads\/2020\/05\/verespej_2-300x200.jpg 300w, https:\/\/photography.famu.cz\/archiv\/wp-content\/uploads\/2020\/05\/verespej_2-845x563.jpg 845w\" sizes=\"(max-width: 1200px) 100vw, 1200px\" \/><\/a>\n\t\t\t<\/div><\/figure><figure class='gallery-item'>\n\t\t\t<div class='gallery-icon portrait'>\n\t\t\t\t<a href='https:\/\/photography.famu.cz\/archiv\/?attachment_id=3532'><img loading=\"lazy\" decoding=\"async\" width=\"1200\" height=\"1798\" src=\"https:\/\/photography.famu.cz\/archiv\/wp-content\/uploads\/2020\/05\/verespej_3.jpg\" class=\"attachment-full size-full\" alt=\"\" srcset=\"https:\/\/photography.famu.cz\/archiv\/wp-content\/uploads\/2020\/05\/verespej_3.jpg 1200w, https:\/\/photography.famu.cz\/archiv\/wp-content\/uploads\/2020\/05\/verespej_3-200x300.jpg 200w, https:\/\/photography.famu.cz\/archiv\/wp-content\/uploads\/2020\/05\/verespej_3-683x1024.jpg 683w\" sizes=\"(max-width: 1200px) 100vw, 1200px\" \/><\/a>\n\t\t\t<\/div><\/figure>\n\t\t<\/div>\n\n","protected":false},"excerpt":{"rendered":"<p>Durable Images II instalace 30 foto 6 x 8 cm<\/p>\n","protected":false},"author":1,"featured_media":0,"comment_status":"closed","ping_status":"closed","sticky":false,"template":"","format":"standard","meta":{"footnotes":""},"categories":[68,70],"tags":[],"_links":{"self":[{"href":"https:\/\/photography.famu.cz\/archiv\/index.php?rest_route=\/wp\/v2\/posts\/3529"}],"collection":[{"href":"https:\/\/photography.famu.cz\/archiv\/index.php?rest_route=\/wp\/v2\/posts"}],"about":[{"href":"https:\/\/photography.famu.cz\/archiv\/index.php?rest_route=\/wp\/v2\/types\/post"}],"author":[{"embeddable":true,"href":"https:\/\/photography.famu.cz\/archiv\/index.php?rest_route=\/wp\/v2\/users\/1"}],"replies":[{"embeddable":true,"href":"https:\/\/photography.famu.cz\/archiv\/index.php?rest_route=%2Fwp%2Fv2%2Fcomments&post=3529"}],"version-history":[{"count":1,"href":"https:\/\/photography.famu.cz\/archiv\/index.php?rest_route=\/wp\/v2\/posts\/3529\/revisions"}],"predecessor-version":[{"id":3533,"href":"https:\/\/photography.famu.cz\/archiv\/index.php?rest_route=\/wp\/v2\/posts\/3529\/revisions\/3533"}],"wp:attachment":[{"href":"https:\/\/photography.famu.cz\/archiv\/index.php?rest_route=%2Fwp%2Fv2%2Fmedia&parent=3529"}],"wp:term":[{"taxonomy":"category","embeddable":true,"href":"https:\/\/photography.famu.cz\/archiv\/index.php?rest_route=%2Fwp%2Fv2%2Fcategories&post=3529"},{"taxonomy":"post_tag","embeddable":true,"href":"https:\/\/photography.famu.cz\/archiv\/index.php?rest_route=%2Fwp%2Fv2%2Ftags&post=3529"}],"curies":[{"name":"wp","href":"https:\/\/api.w.org\/{rel}","templated":true}]}}