{"id":3609,"date":"2020-11-28T20:15:17","date_gmt":"2020-11-28T19:15:17","guid":{"rendered":"http:\/\/foto.amu.cz\/archiv\/?p=3609"},"modified":"2020-11-28T20:15:17","modified_gmt":"2020-11-28T19:15:17","slug":"cervena-dominika","status":"publish","type":"post","link":"https:\/\/photography.famu.cz\/archiv\/?p=3609","title":{"rendered":"\u010cerven\u00e1 Dominika"},"content":{"rendered":"<p>M\u00e1m jedom jeden jedinej sen<br \/>\n0233-01-01-FAMU &#8211; kniha<\/p>\n<p><!--more--><\/p>\n<div id='gallery-1' class='gallery galleryid-3609 gallery-columns-1 gallery-size-full'><figure class='gallery-item'>\n\t\t\t<div class='gallery-icon landscape'>\n\t\t\t\t<a href='https:\/\/photography.famu.cz\/archiv\/?attachment_id=3610'><img loading=\"lazy\" decoding=\"async\" width=\"2000\" height=\"1333\" src=\"https:\/\/photography.famu.cz\/archiv\/wp-content\/uploads\/2020\/11\/Dominika-Cervena1-copy.jpg\" class=\"attachment-full size-full\" alt=\"\" aria-describedby=\"gallery-1-3610\" srcset=\"https:\/\/photography.famu.cz\/archiv\/wp-content\/uploads\/2020\/11\/Dominika-Cervena1-copy.jpg 2000w, https:\/\/photography.famu.cz\/archiv\/wp-content\/uploads\/2020\/11\/Dominika-Cervena1-copy-300x200.jpg 300w, https:\/\/photography.famu.cz\/archiv\/wp-content\/uploads\/2020\/11\/Dominika-Cervena1-copy-845x563.jpg 845w\" sizes=\"(max-width: 2000px) 100vw, 2000px\" \/><\/a>\n\t\t\t<\/div>\n\t\t\t\t<figcaption class='wp-caption-text gallery-caption' id='gallery-1-3610'>\n\t\t\t\tDokumentace1\n\t\t\t\t<\/figcaption><\/figure><figure class='gallery-item'>\n\t\t\t<div class='gallery-icon landscape'>\n\t\t\t\t<a href='https:\/\/photography.famu.cz\/archiv\/?attachment_id=3611'><img loading=\"lazy\" decoding=\"async\" width=\"2000\" height=\"1333\" src=\"https:\/\/photography.famu.cz\/archiv\/wp-content\/uploads\/2020\/11\/Dominika-Cervena2-copy.jpg\" class=\"attachment-full size-full\" alt=\"\" aria-describedby=\"gallery-1-3611\" srcset=\"https:\/\/photography.famu.cz\/archiv\/wp-content\/uploads\/2020\/11\/Dominika-Cervena2-copy.jpg 2000w, https:\/\/photography.famu.cz\/archiv\/wp-content\/uploads\/2020\/11\/Dominika-Cervena2-copy-300x200.jpg 300w, https:\/\/photography.famu.cz\/archiv\/wp-content\/uploads\/2020\/11\/Dominika-Cervena2-copy-845x563.jpg 845w\" sizes=\"(max-width: 2000px) 100vw, 2000px\" \/><\/a>\n\t\t\t<\/div>\n\t\t\t\t<figcaption class='wp-caption-text gallery-caption' id='gallery-1-3611'>\n\t\t\t\tDokumentace2\n\t\t\t\t<\/figcaption><\/figure><figure class='gallery-item'>\n\t\t\t<div class='gallery-icon portrait'>\n\t\t\t\t<a href='https:\/\/photography.famu.cz\/archiv\/?attachment_id=3612'><img loading=\"lazy\" decoding=\"async\" width=\"1333\" height=\"2000\" src=\"https:\/\/photography.famu.cz\/archiv\/wp-content\/uploads\/2020\/11\/Dominika-Cervena6-copy.jpg\" class=\"attachment-full size-full\" alt=\"\" aria-describedby=\"gallery-1-3612\" srcset=\"https:\/\/photography.famu.cz\/archiv\/wp-content\/uploads\/2020\/11\/Dominika-Cervena6-copy.jpg 1333w, https:\/\/photography.famu.cz\/archiv\/wp-content\/uploads\/2020\/11\/Dominika-Cervena6-copy-200x300.jpg 200w, https:\/\/photography.famu.cz\/archiv\/wp-content\/uploads\/2020\/11\/Dominika-Cervena6-copy-682x1024.jpg 682w\" sizes=\"(max-width: 1333px) 100vw, 1333px\" \/><\/a>\n\t\t\t<\/div>\n\t\t\t\t<figcaption class='wp-caption-text gallery-caption' id='gallery-1-3612'>\n\t\t\t\tDokumentace3\n\t\t\t\t<\/figcaption><\/figure>\n\t\t<\/div>\n\n","protected":false},"excerpt":{"rendered":"<p>M\u00e1m jedom jeden jedinej sen 0233-01-01-FAMU &#8211; kniha<\/p>\n","protected":false},"author":1,"featured_media":0,"comment_status":"closed","ping_status":"closed","sticky":false,"template":"","format":"standard","meta":{"footnotes":""},"categories":[71,72],"tags":[],"_links":{"self":[{"href":"https:\/\/photography.famu.cz\/archiv\/index.php?rest_route=\/wp\/v2\/posts\/3609"}],"collection":[{"href":"https:\/\/photography.famu.cz\/archiv\/index.php?rest_route=\/wp\/v2\/posts"}],"about":[{"href":"https:\/\/photography.famu.cz\/archiv\/index.php?rest_route=\/wp\/v2\/types\/post"}],"author":[{"embeddable":true,"href":"https:\/\/photography.famu.cz\/archiv\/index.php?rest_route=\/wp\/v2\/users\/1"}],"replies":[{"embeddable":true,"href":"https:\/\/photography.famu.cz\/archiv\/index.php?rest_route=%2Fwp%2Fv2%2Fcomments&post=3609"}],"version-history":[{"count":1,"href":"https:\/\/photography.famu.cz\/archiv\/index.php?rest_route=\/wp\/v2\/posts\/3609\/revisions"}],"predecessor-version":[{"id":3613,"href":"https:\/\/photography.famu.cz\/archiv\/index.php?rest_route=\/wp\/v2\/posts\/3609\/revisions\/3613"}],"wp:attachment":[{"href":"https:\/\/photography.famu.cz\/archiv\/index.php?rest_route=%2Fwp%2Fv2%2Fmedia&parent=3609"}],"wp:term":[{"taxonomy":"category","embeddable":true,"href":"https:\/\/photography.famu.cz\/archiv\/index.php?rest_route=%2Fwp%2Fv2%2Fcategories&post=3609"},{"taxonomy":"post_tag","embeddable":true,"href":"https:\/\/photography.famu.cz\/archiv\/index.php?rest_route=%2Fwp%2Fv2%2Ftags&post=3609"}],"curies":[{"name":"wp","href":"https:\/\/api.w.org\/{rel}","templated":true}]}}