{"id":3742,"date":"2021-01-10T15:48:08","date_gmt":"2021-01-10T14:48:08","guid":{"rendered":"http:\/\/foto.amu.cz\/archiv\/?p=3742"},"modified":"2021-08-29T20:52:09","modified_gmt":"2021-08-29T19:52:09","slug":"deb-ranaji","status":"publish","type":"post","link":"https:\/\/photography.famu.cz\/archiv\/?p=3742","title":{"rendered":"Deb Ranaji"},"content":{"rendered":"<p>Vipa\u015byan\u0101<br \/>\n0247-01-01-FAMU<\/p>\n<p><!--more--><\/p>\n<p><a href=\"https:\/\/drive.google.com\/file\/d\/1odP4-bMZtj9OzSF_tTPaOGgHnp4w9JT6\/view\" target=\"_blank\" data-saferedirecturl=\"https:\/\/www.google.com\/url?q=https:\/\/drive.google.com\/file\/d\/1odP4-bMZtj9OzSF_tTPaOGgHnp4w9JT6\/view&amp;source=gmail&amp;ust=1610374800803000&amp;usg=AFQjCNHNPm9opGR1b9h56owfX2X4Eei_2Q\">https:\/\/drive.google.com\/file\/<wbr \/>d\/1odP4-bMZtj9OzSF_<wbr \/>tTPaOGgHnp4w9JT6\/view<\/a><br \/>\nV2_3 (Stitched Clip).mp4<\/p>\n<div id='gallery-1' class='gallery galleryid-3742 gallery-columns-1 gallery-size-full'><figure class='gallery-item'>\n\t\t\t<div class='gallery-icon landscape'>\n\t\t\t\t<a href='https:\/\/photography.famu.cz\/archiv\/?attachment_id=3749'><img loading=\"lazy\" decoding=\"async\" width=\"1500\" height=\"867\" src=\"https:\/\/photography.famu.cz\/archiv\/wp-content\/uploads\/2021\/01\/Screenshot-1.jpg\" class=\"attachment-full size-full\" alt=\"\" aria-describedby=\"gallery-1-3749\" srcset=\"https:\/\/photography.famu.cz\/archiv\/wp-content\/uploads\/2021\/01\/Screenshot-1.jpg 1500w, https:\/\/photography.famu.cz\/archiv\/wp-content\/uploads\/2021\/01\/Screenshot-1-300x173.jpg 300w, https:\/\/photography.famu.cz\/archiv\/wp-content\/uploads\/2021\/01\/Screenshot-1-845x488.jpg 845w\" sizes=\"(max-width: 1500px) 100vw, 1500px\" \/><\/a>\n\t\t\t<\/div>\n\t\t\t\t<figcaption class='wp-caption-text gallery-caption' id='gallery-1-3749'>\n\t\t\t\tScreenshot 1\n\t\t\t\t<\/figcaption><\/figure><figure class='gallery-item'>\n\t\t\t<div class='gallery-icon landscape'>\n\t\t\t\t<a href='https:\/\/photography.famu.cz\/archiv\/?attachment_id=3750'><img loading=\"lazy\" decoding=\"async\" width=\"1500\" height=\"846\" src=\"https:\/\/photography.famu.cz\/archiv\/wp-content\/uploads\/2021\/01\/Screenshot-2.jpg\" class=\"attachment-full size-full\" alt=\"\" aria-describedby=\"gallery-1-3750\" srcset=\"https:\/\/photography.famu.cz\/archiv\/wp-content\/uploads\/2021\/01\/Screenshot-2.jpg 1500w, https:\/\/photography.famu.cz\/archiv\/wp-content\/uploads\/2021\/01\/Screenshot-2-300x169.jpg 300w, https:\/\/photography.famu.cz\/archiv\/wp-content\/uploads\/2021\/01\/Screenshot-2-845x477.jpg 845w\" sizes=\"(max-width: 1500px) 100vw, 1500px\" \/><\/a>\n\t\t\t<\/div>\n\t\t\t\t<figcaption class='wp-caption-text gallery-caption' id='gallery-1-3750'>\n\t\t\t\tScreenshot 2\n\t\t\t\t<\/figcaption><\/figure><figure class='gallery-item'>\n\t\t\t<div class='gallery-icon landscape'>\n\t\t\t\t<a href='https:\/\/photography.famu.cz\/archiv\/?attachment_id=3751'><img loading=\"lazy\" decoding=\"async\" width=\"1500\" height=\"846\" src=\"https:\/\/photography.famu.cz\/archiv\/wp-content\/uploads\/2021\/01\/Screenshot-3.jpg\" class=\"attachment-full size-full\" alt=\"\" aria-describedby=\"gallery-1-3751\" srcset=\"https:\/\/photography.famu.cz\/archiv\/wp-content\/uploads\/2021\/01\/Screenshot-3.jpg 1500w, https:\/\/photography.famu.cz\/archiv\/wp-content\/uploads\/2021\/01\/Screenshot-3-300x169.jpg 300w, https:\/\/photography.famu.cz\/archiv\/wp-content\/uploads\/2021\/01\/Screenshot-3-845x477.jpg 845w\" sizes=\"(max-width: 1500px) 100vw, 1500px\" \/><\/a>\n\t\t\t<\/div>\n\t\t\t\t<figcaption class='wp-caption-text gallery-caption' id='gallery-1-3751'>\n\t\t\t\tScreenshot 3\n\t\t\t\t<\/figcaption><\/figure>\n\t\t<\/div>\n\n<p>Vipa\u015byan\u0101 ~\u00a0\u0935\u093f\u092a\u0936\u094d\u092f\u0928\u093e<\/p>\n<p>Darkroom experiments, Camera obscura and meotar projected silver gelatin prints 30 x 40 cm<\/p>\n<p>Seeing clearly through darkness is as much an act of faith as living in today&#8217;s hyperconnected society. Why do we feel disconnected even though the world has shrunk due to connectivity? Do we isolate ourselves (un)knowingly? Defining the intention to renounce society has been prominent in certain cultures and assigned positive and negative connotations. Through Vedic times the idea of vipa\u015byan\u0101 and s\u00e1nyas\u0101 where a person renounces all materialistic possessions or familial bonds has a favourable disposition. While the isolation by people following Hikikomori in current Japanese culture has a direct correlation to suicide and is labelled as taboo. This duality of detachment and presence is further explored and contrasted with the constant play of negative to positive (thoughts) inside a darkroom. It is paradoxical that we start seeing clearly in the dark(room), while being in complete isolation from all social interactions.<\/p>\n<p>This experiment of voluntarily locked within the confines of a photographic darkroom for ten days to analyze what (or who) comes out, is divided in two parts. The first part deals with detachment from society while being obsessively attached to making a mental image from negative to positive. The second part explores the concept of being present with my own thoughts in its most basic form; portraying a contrast between self exploration vis \u00e0 vis self exploitation. The disciplinary form of society of our past versus the contemporary achievement led society; leads to an involuntary form of self exploitation and pursuit of happiness. As a result instead of identifying and acknowledging the existence of a dynamic range of emotions, we often end up alienating ourselves. Even the loose usage of categorizing people as \u201cthey\u201d is one form of manifesting subconscious verbal distancing. If being in competition with our own self is something to strive towards, then the hyper in \u2018hyperconnection\u2019 becomes a step towards prevailing form of hectic nervousness; while \u2018hyperactivity\u2019 represents massification of positivity. Such grey shades of our lives will hopefully come to light through ten day voluntary darkroom experiments.<\/p>\n<p>The chosen medium of expression is paper since it is uniquely positioned in our constructed value system. It is a material that is discarded without a second thought while simultaneously being revered. Making impressions of discarded memories and objects which surrounded me through this experiment is meant to personify paper as an entity that is chronicler of knowledge. The image(s) formed by projection as a metaphor for construction of identities through the influence of environment, thoughts, people, possessions, consumption and actions. At each present moment what do we hold onto and what do we choose to sacrifice?<\/p>\n<div id='gallery-2' class='gallery galleryid-3742 gallery-columns-1 gallery-size-full'><figure class='gallery-item'>\n\t\t\t<div class='gallery-icon portrait'>\n\t\t\t\t<a href='https:\/\/photography.famu.cz\/archiv\/?attachment_id=3752'><img loading=\"lazy\" decoding=\"async\" width=\"1059\" height=\"1500\" src=\"https:\/\/photography.famu.cz\/archiv\/wp-content\/uploads\/2021\/01\/Copy-of-1211.jpg\" class=\"attachment-full size-full\" alt=\"\" aria-describedby=\"gallery-2-3752\" srcset=\"https:\/\/photography.famu.cz\/archiv\/wp-content\/uploads\/2021\/01\/Copy-of-1211.jpg 1059w, https:\/\/photography.famu.cz\/archiv\/wp-content\/uploads\/2021\/01\/Copy-of-1211-212x300.jpg 212w, https:\/\/photography.famu.cz\/archiv\/wp-content\/uploads\/2021\/01\/Copy-of-1211-723x1024.jpg 723w\" sizes=\"(max-width: 1059px) 100vw, 1059px\" \/><\/a>\n\t\t\t<\/div>\n\t\t\t\t<figcaption class='wp-caption-text gallery-caption' id='gallery-2-3752'>\n\t\t\t\tVipa\u015byan\u0101 ~ \u0935\u093f\u092a\u0936\u094d\u092f\u0928\u093e 1\n\t\t\t\t<\/figcaption><\/figure><figure class='gallery-item'>\n\t\t\t<div class='gallery-icon portrait'>\n\t\t\t\t<a href='https:\/\/photography.famu.cz\/archiv\/?attachment_id=3753'><img loading=\"lazy\" decoding=\"async\" width=\"1059\" height=\"1500\" src=\"https:\/\/photography.famu.cz\/archiv\/wp-content\/uploads\/2021\/01\/Copy-of-1221.jpg\" class=\"attachment-full size-full\" alt=\"\" aria-describedby=\"gallery-2-3753\" srcset=\"https:\/\/photography.famu.cz\/archiv\/wp-content\/uploads\/2021\/01\/Copy-of-1221.jpg 1059w, https:\/\/photography.famu.cz\/archiv\/wp-content\/uploads\/2021\/01\/Copy-of-1221-212x300.jpg 212w, https:\/\/photography.famu.cz\/archiv\/wp-content\/uploads\/2021\/01\/Copy-of-1221-723x1024.jpg 723w\" sizes=\"(max-width: 1059px) 100vw, 1059px\" \/><\/a>\n\t\t\t<\/div>\n\t\t\t\t<figcaption class='wp-caption-text gallery-caption' id='gallery-2-3753'>\n\t\t\t\tVipa\u015byan\u0101 ~ \u0935\u093f\u092a\u0936\u094d\u092f\u0928\u093e 2\n\t\t\t\t<\/figcaption><\/figure><figure class='gallery-item'>\n\t\t\t<div class='gallery-icon portrait'>\n\t\t\t\t<a href='https:\/\/photography.famu.cz\/archiv\/?attachment_id=3754'><img loading=\"lazy\" decoding=\"async\" width=\"1061\" height=\"1500\" src=\"https:\/\/photography.famu.cz\/archiv\/wp-content\/uploads\/2021\/01\/Copy-of-1238.jpg\" class=\"attachment-full size-full\" alt=\"\" aria-describedby=\"gallery-2-3754\" srcset=\"https:\/\/photography.famu.cz\/archiv\/wp-content\/uploads\/2021\/01\/Copy-of-1238.jpg 1061w, https:\/\/photography.famu.cz\/archiv\/wp-content\/uploads\/2021\/01\/Copy-of-1238-212x300.jpg 212w, https:\/\/photography.famu.cz\/archiv\/wp-content\/uploads\/2021\/01\/Copy-of-1238-724x1024.jpg 724w\" sizes=\"(max-width: 1061px) 100vw, 1061px\" \/><\/a>\n\t\t\t<\/div>\n\t\t\t\t<figcaption class='wp-caption-text gallery-caption' id='gallery-2-3754'>\n\t\t\t\tVipa\u015byan\u0101 ~ \u0935\u093f\u092a\u0936\u094d\u092f\u0928\u093e 3\n\t\t\t\t<\/figcaption><\/figure>\n\t\t<\/div>\n\n<div id='gallery-3' class='gallery galleryid-3742 gallery-columns-2 gallery-size-full'><figure class='gallery-item'>\n\t\t\t<div class='gallery-icon portrait'>\n\t\t\t\t<a href='https:\/\/photography.famu.cz\/archiv\/?attachment_id=3755'><img loading=\"lazy\" decoding=\"async\" width=\"1333\" height=\"2000\" src=\"https:\/\/photography.famu.cz\/archiv\/wp-content\/uploads\/2021\/01\/Ranaji-Deb6-copy.jpg\" class=\"attachment-full size-full\" alt=\"\" aria-describedby=\"gallery-3-3755\" srcset=\"https:\/\/photography.famu.cz\/archiv\/wp-content\/uploads\/2021\/01\/Ranaji-Deb6-copy.jpg 1333w, https:\/\/photography.famu.cz\/archiv\/wp-content\/uploads\/2021\/01\/Ranaji-Deb6-copy-200x300.jpg 200w, https:\/\/photography.famu.cz\/archiv\/wp-content\/uploads\/2021\/01\/Ranaji-Deb6-copy-682x1024.jpg 682w\" sizes=\"(max-width: 1333px) 100vw, 1333px\" \/><\/a>\n\t\t\t<\/div>\n\t\t\t\t<figcaption class='wp-caption-text gallery-caption' id='gallery-3-3755'>\n\t\t\t\tuk\u00e1zky z instalace\n\t\t\t\t<\/figcaption><\/figure><figure class='gallery-item'>\n\t\t\t<div class='gallery-icon portrait'>\n\t\t\t\t<a href='https:\/\/photography.famu.cz\/archiv\/?attachment_id=3756'><img loading=\"lazy\" decoding=\"async\" width=\"1333\" height=\"2000\" src=\"https:\/\/photography.famu.cz\/archiv\/wp-content\/uploads\/2021\/01\/Ranaji-Deb7-copy.jpg\" class=\"attachment-full size-full\" alt=\"\" srcset=\"https:\/\/photography.famu.cz\/archiv\/wp-content\/uploads\/2021\/01\/Ranaji-Deb7-copy.jpg 1333w, https:\/\/photography.famu.cz\/archiv\/wp-content\/uploads\/2021\/01\/Ranaji-Deb7-copy-200x300.jpg 200w, https:\/\/photography.famu.cz\/archiv\/wp-content\/uploads\/2021\/01\/Ranaji-Deb7-copy-682x1024.jpg 682w\" sizes=\"(max-width: 1333px) 100vw, 1333px\" \/><\/a>\n\t\t\t<\/div><\/figure><figure class='gallery-item'>\n\t\t\t<div class='gallery-icon portrait'>\n\t\t\t\t<a href='https:\/\/photography.famu.cz\/archiv\/?attachment_id=3757'><img loading=\"lazy\" decoding=\"async\" width=\"1333\" height=\"2000\" src=\"https:\/\/photography.famu.cz\/archiv\/wp-content\/uploads\/2021\/01\/Ranaji-Deb8-copy.jpg\" class=\"attachment-full size-full\" alt=\"\" srcset=\"https:\/\/photography.famu.cz\/archiv\/wp-content\/uploads\/2021\/01\/Ranaji-Deb8-copy.jpg 1333w, https:\/\/photography.famu.cz\/archiv\/wp-content\/uploads\/2021\/01\/Ranaji-Deb8-copy-200x300.jpg 200w, https:\/\/photography.famu.cz\/archiv\/wp-content\/uploads\/2021\/01\/Ranaji-Deb8-copy-682x1024.jpg 682w\" sizes=\"(max-width: 1333px) 100vw, 1333px\" \/><\/a>\n\t\t\t<\/div><\/figure><figure class='gallery-item'>\n\t\t\t<div class='gallery-icon portrait'>\n\t\t\t\t<a href='https:\/\/photography.famu.cz\/archiv\/?attachment_id=3758'><img loading=\"lazy\" decoding=\"async\" width=\"1333\" height=\"2000\" src=\"https:\/\/photography.famu.cz\/archiv\/wp-content\/uploads\/2021\/01\/Ranaji-Deb1-copy.jpg\" class=\"attachment-full size-full\" alt=\"\" srcset=\"https:\/\/photography.famu.cz\/archiv\/wp-content\/uploads\/2021\/01\/Ranaji-Deb1-copy.jpg 1333w, https:\/\/photography.famu.cz\/archiv\/wp-content\/uploads\/2021\/01\/Ranaji-Deb1-copy-200x300.jpg 200w, https:\/\/photography.famu.cz\/archiv\/wp-content\/uploads\/2021\/01\/Ranaji-Deb1-copy-682x1024.jpg 682w\" sizes=\"(max-width: 1333px) 100vw, 1333px\" \/><\/a>\n\t\t\t<\/div><\/figure><figure class='gallery-item'>\n\t\t\t<div class='gallery-icon landscape'>\n\t\t\t\t<a href='https:\/\/photography.famu.cz\/archiv\/?attachment_id=3759'><img loading=\"lazy\" decoding=\"async\" width=\"2000\" height=\"1333\" src=\"https:\/\/photography.famu.cz\/archiv\/wp-content\/uploads\/2021\/01\/Ranaji-Deb2-copy.jpg\" class=\"attachment-full size-full\" alt=\"\" srcset=\"https:\/\/photography.famu.cz\/archiv\/wp-content\/uploads\/2021\/01\/Ranaji-Deb2-copy.jpg 2000w, https:\/\/photography.famu.cz\/archiv\/wp-content\/uploads\/2021\/01\/Ranaji-Deb2-copy-300x200.jpg 300w, https:\/\/photography.famu.cz\/archiv\/wp-content\/uploads\/2021\/01\/Ranaji-Deb2-copy-845x563.jpg 845w\" sizes=\"(max-width: 2000px) 100vw, 2000px\" \/><\/a>\n\t\t\t<\/div><\/figure><figure class='gallery-item'>\n\t\t\t<div class='gallery-icon landscape'>\n\t\t\t\t<a href='https:\/\/photography.famu.cz\/archiv\/?attachment_id=3760'><img loading=\"lazy\" decoding=\"async\" width=\"2000\" height=\"1333\" src=\"https:\/\/photography.famu.cz\/archiv\/wp-content\/uploads\/2021\/01\/Ranaji-Deb3-copy.jpg\" class=\"attachment-full size-full\" alt=\"\" srcset=\"https:\/\/photography.famu.cz\/archiv\/wp-content\/uploads\/2021\/01\/Ranaji-Deb3-copy.jpg 2000w, https:\/\/photography.famu.cz\/archiv\/wp-content\/uploads\/2021\/01\/Ranaji-Deb3-copy-300x200.jpg 300w, https:\/\/photography.famu.cz\/archiv\/wp-content\/uploads\/2021\/01\/Ranaji-Deb3-copy-845x563.jpg 845w\" sizes=\"(max-width: 2000px) 100vw, 2000px\" \/><\/a>\n\t\t\t<\/div><\/figure><figure class='gallery-item'>\n\t\t\t<div class='gallery-icon landscape'>\n\t\t\t\t<a href='https:\/\/photography.famu.cz\/archiv\/?attachment_id=3761'><img loading=\"lazy\" decoding=\"async\" width=\"2000\" height=\"1333\" src=\"https:\/\/photography.famu.cz\/archiv\/wp-content\/uploads\/2021\/01\/Ranaji-Deb4-copy.jpg\" class=\"attachment-full size-full\" alt=\"\" srcset=\"https:\/\/photography.famu.cz\/archiv\/wp-content\/uploads\/2021\/01\/Ranaji-Deb4-copy.jpg 2000w, https:\/\/photography.famu.cz\/archiv\/wp-content\/uploads\/2021\/01\/Ranaji-Deb4-copy-300x200.jpg 300w, https:\/\/photography.famu.cz\/archiv\/wp-content\/uploads\/2021\/01\/Ranaji-Deb4-copy-845x563.jpg 845w\" sizes=\"(max-width: 2000px) 100vw, 2000px\" \/><\/a>\n\t\t\t<\/div><\/figure><figure class='gallery-item'>\n\t\t\t<div class='gallery-icon portrait'>\n\t\t\t\t<a href='https:\/\/photography.famu.cz\/archiv\/?attachment_id=3762'><img loading=\"lazy\" decoding=\"async\" width=\"1333\" height=\"2000\" src=\"https:\/\/photography.famu.cz\/archiv\/wp-content\/uploads\/2021\/01\/Ranaji-Deb5-copy.jpg\" class=\"attachment-full size-full\" alt=\"\" srcset=\"https:\/\/photography.famu.cz\/archiv\/wp-content\/uploads\/2021\/01\/Ranaji-Deb5-copy.jpg 1333w, https:\/\/photography.famu.cz\/archiv\/wp-content\/uploads\/2021\/01\/Ranaji-Deb5-copy-200x300.jpg 200w, https:\/\/photography.famu.cz\/archiv\/wp-content\/uploads\/2021\/01\/Ranaji-Deb5-copy-682x1024.jpg 682w\" sizes=\"(max-width: 1333px) 100vw, 1333px\" \/><\/a>\n\t\t\t<\/div><\/figure>\n\t\t<\/div>\n\n<p>&nbsp;<\/p>\n<p>Kniha\u00a0Mindspace Fragments V<br \/>\nWhat do we choose to fill those empty spaces<br \/>\nin our minds? This was one of the questions<br \/>\nwhich filled mine, as I thought about spending<br \/>\nten days detached from societyand obsessing<br \/>\nover creating imprints of memories and discarded<br \/>\nobjects around me. It was difficult to<br \/>\nremember the day and date without reverse<br \/>\ncalculating. The dreams became increasingly<br \/>\nvivid and maintaining a journal allowed me<br \/>\nto have an anchor point amidst the downward<br \/>\nspiral of my thoughts. The dreams I had<br \/>\nthroughout these ten days of detachment had<br \/>\na common element that reoccurred across<br \/>\nscenarios &#8211; I would identify a powerful moment<br \/>\nto compose an image; however the<br \/>\ncircumstances, people, my own inadequacies<br \/>\nor willingness would prevent me from doing<br \/>\nso. These compiled photograms which allude<br \/>\nto fragmented memories are made through an<br \/>\nold overhead projector, which felt like it was<br \/>\nthe only source of light around darkness for<br \/>\nme to hold onto&#8230;<\/p>\n<div id='gallery-4' class='gallery galleryid-3742 gallery-columns-1 gallery-size-full'><figure class='gallery-item'>\n\t\t\t<div class='gallery-icon landscape'>\n\t\t\t\t<a href='https:\/\/photography.famu.cz\/archiv\/?attachment_id=3763'><img loading=\"lazy\" decoding=\"async\" width=\"3648\" height=\"2432\" src=\"https:\/\/photography.famu.cz\/archiv\/wp-content\/uploads\/2021\/01\/MG_9824.jpg\" class=\"attachment-full size-full\" alt=\"\" aria-describedby=\"gallery-4-3763\" srcset=\"https:\/\/photography.famu.cz\/archiv\/wp-content\/uploads\/2021\/01\/MG_9824.jpg 3648w, https:\/\/photography.famu.cz\/archiv\/wp-content\/uploads\/2021\/01\/MG_9824-300x200.jpg 300w, https:\/\/photography.famu.cz\/archiv\/wp-content\/uploads\/2021\/01\/MG_9824-845x563.jpg 845w\" sizes=\"(max-width: 3648px) 100vw, 3648px\" \/><\/a>\n\t\t\t<\/div>\n\t\t\t\t<figcaption class='wp-caption-text gallery-caption' id='gallery-4-3763'>\n\t\t\t\tuk\u00e1zky z knihy\n\t\t\t\t<\/figcaption><\/figure><figure class='gallery-item'>\n\t\t\t<div class='gallery-icon landscape'>\n\t\t\t\t<a href='https:\/\/photography.famu.cz\/archiv\/?attachment_id=3764'><img loading=\"lazy\" decoding=\"async\" width=\"3648\" height=\"2432\" src=\"https:\/\/photography.famu.cz\/archiv\/wp-content\/uploads\/2021\/01\/MG_9831.jpg\" class=\"attachment-full size-full\" alt=\"\" srcset=\"https:\/\/photography.famu.cz\/archiv\/wp-content\/uploads\/2021\/01\/MG_9831.jpg 3648w, https:\/\/photography.famu.cz\/archiv\/wp-content\/uploads\/2021\/01\/MG_9831-300x200.jpg 300w, https:\/\/photography.famu.cz\/archiv\/wp-content\/uploads\/2021\/01\/MG_9831-845x563.jpg 845w\" sizes=\"(max-width: 3648px) 100vw, 3648px\" \/><\/a>\n\t\t\t<\/div><\/figure><figure class='gallery-item'>\n\t\t\t<div class='gallery-icon landscape'>\n\t\t\t\t<a href='https:\/\/photography.famu.cz\/archiv\/?attachment_id=3765'><img loading=\"lazy\" decoding=\"async\" width=\"3648\" height=\"2432\" src=\"https:\/\/photography.famu.cz\/archiv\/wp-content\/uploads\/2021\/01\/MG_9849.jpg\" class=\"attachment-full size-full\" alt=\"\" srcset=\"https:\/\/photography.famu.cz\/archiv\/wp-content\/uploads\/2021\/01\/MG_9849.jpg 3648w, https:\/\/photography.famu.cz\/archiv\/wp-content\/uploads\/2021\/01\/MG_9849-300x200.jpg 300w, https:\/\/photography.famu.cz\/archiv\/wp-content\/uploads\/2021\/01\/MG_9849-845x563.jpg 845w\" sizes=\"(max-width: 3648px) 100vw, 3648px\" \/><\/a>\n\t\t\t<\/div><\/figure>\n\t\t<\/div>\n\n","protected":false},"excerpt":{"rendered":"<p>Vipa\u015byan\u0101 0247-01-01-FAMU<\/p>\n","protected":false},"author":1,"featured_media":0,"comment_status":"closed","ping_status":"closed","sticky":false,"template":"","format":"video","meta":{"footnotes":""},"categories":[71,73],"tags":[],"_links":{"self":[{"href":"https:\/\/photography.famu.cz\/archiv\/index.php?rest_route=\/wp\/v2\/posts\/3742"}],"collection":[{"href":"https:\/\/photography.famu.cz\/archiv\/index.php?rest_route=\/wp\/v2\/posts"}],"about":[{"href":"https:\/\/photography.famu.cz\/archiv\/index.php?rest_route=\/wp\/v2\/types\/post"}],"author":[{"embeddable":true,"href":"https:\/\/photography.famu.cz\/archiv\/index.php?rest_route=\/wp\/v2\/users\/1"}],"replies":[{"embeddable":true,"href":"https:\/\/photography.famu.cz\/archiv\/index.php?rest_route=%2Fwp%2Fv2%2Fcomments&post=3742"}],"version-history":[{"count":4,"href":"https:\/\/photography.famu.cz\/archiv\/index.php?rest_route=\/wp\/v2\/posts\/3742\/revisions"}],"predecessor-version":[{"id":3766,"href":"https:\/\/photography.famu.cz\/archiv\/index.php?rest_route=\/wp\/v2\/posts\/3742\/revisions\/3766"}],"wp:attachment":[{"href":"https:\/\/photography.famu.cz\/archiv\/index.php?rest_route=%2Fwp%2Fv2%2Fmedia&parent=3742"}],"wp:term":[{"taxonomy":"category","embeddable":true,"href":"https:\/\/photography.famu.cz\/archiv\/index.php?rest_route=%2Fwp%2Fv2%2Fcategories&post=3742"},{"taxonomy":"post_tag","embeddable":true,"href":"https:\/\/photography.famu.cz\/archiv\/index.php?rest_route=%2Fwp%2Fv2%2Ftags&post=3742"}],"curies":[{"name":"wp","href":"https:\/\/api.w.org\/{rel}","templated":true}]}}