{"id":3858,"date":"2022-06-05T14:42:19","date_gmt":"2022-06-05T13:42:19","guid":{"rendered":"http:\/\/foto.amu.cz\/archiv\/?p=3858"},"modified":"2022-06-05T14:42:19","modified_gmt":"2022-06-05T13:42:19","slug":"cermakova-alzbeta","status":"publish","type":"post","link":"https:\/\/photography.famu.cz\/archiv\/?p=3858","title":{"rendered":"\u010cerm\u00e1kov\u00e1 Al\u017eb\u011bta"},"content":{"rendered":"<p>b-adssdearflush3 aka m\u016fj v rok v relaxu a odpo\u010dinku \/ b-adssdearflush3<br \/>\n0254<\/p>\n<p><!--more--><\/p>\n<div id='gallery-1' class='gallery galleryid-3858 gallery-columns-1 gallery-size-full'><figure class='gallery-item'>\n\t\t\t<div class='gallery-icon landscape'>\n\t\t\t\t<a href='https:\/\/photography.famu.cz\/archiv\/?attachment_id=3902'><img loading=\"lazy\" decoding=\"async\" width=\"1500\" height=\"1000\" src=\"https:\/\/photography.famu.cz\/archiv\/wp-content\/uploads\/2022\/06\/Cermakova2.jpg\" class=\"attachment-full size-full\" alt=\"\" aria-describedby=\"gallery-1-3902\" srcset=\"https:\/\/photography.famu.cz\/archiv\/wp-content\/uploads\/2022\/06\/Cermakova2.jpg 1500w, https:\/\/photography.famu.cz\/archiv\/wp-content\/uploads\/2022\/06\/Cermakova2-300x200.jpg 300w, https:\/\/photography.famu.cz\/archiv\/wp-content\/uploads\/2022\/06\/Cermakova2-845x563.jpg 845w\" sizes=\"(max-width: 1500px) 100vw, 1500px\" \/><\/a>\n\t\t\t<\/div>\n\t\t\t\t<figcaption class='wp-caption-text gallery-caption' id='gallery-1-3902'>\n\t\t\t\tUk\u00e1zka z instalace  \u010cerm\u00e1kov\u00e1\n\t\t\t\t<\/figcaption><\/figure><figure class='gallery-item'>\n\t\t\t<div class='gallery-icon portrait'>\n\t\t\t\t<a href='https:\/\/photography.famu.cz\/archiv\/?attachment_id=3903'><img loading=\"lazy\" decoding=\"async\" width=\"1000\" height=\"1500\" src=\"https:\/\/photography.famu.cz\/archiv\/wp-content\/uploads\/2022\/06\/Cermakova4.jpg\" class=\"attachment-full size-full\" alt=\"\" aria-describedby=\"gallery-1-3903\" srcset=\"https:\/\/photography.famu.cz\/archiv\/wp-content\/uploads\/2022\/06\/Cermakova4.jpg 1000w, https:\/\/photography.famu.cz\/archiv\/wp-content\/uploads\/2022\/06\/Cermakova4-200x300.jpg 200w, https:\/\/photography.famu.cz\/archiv\/wp-content\/uploads\/2022\/06\/Cermakova4-683x1024.jpg 683w\" sizes=\"(max-width: 1000px) 100vw, 1000px\" \/><\/a>\n\t\t\t<\/div>\n\t\t\t\t<figcaption class='wp-caption-text gallery-caption' id='gallery-1-3903'>\n\t\t\t\tUk\u00e1zka z instalace  \u010cerm\u00e1kov\u00e1\n\t\t\t\t<\/figcaption><\/figure><figure class='gallery-item'>\n\t\t\t<div class='gallery-icon landscape'>\n\t\t\t\t<a href='https:\/\/photography.famu.cz\/archiv\/?attachment_id=3904'><img loading=\"lazy\" decoding=\"async\" width=\"1500\" height=\"1000\" src=\"https:\/\/photography.famu.cz\/archiv\/wp-content\/uploads\/2022\/06\/Cermakova6.jpg\" class=\"attachment-full size-full\" alt=\"\" aria-describedby=\"gallery-1-3904\" srcset=\"https:\/\/photography.famu.cz\/archiv\/wp-content\/uploads\/2022\/06\/Cermakova6.jpg 1500w, https:\/\/photography.famu.cz\/archiv\/wp-content\/uploads\/2022\/06\/Cermakova6-300x200.jpg 300w, https:\/\/photography.famu.cz\/archiv\/wp-content\/uploads\/2022\/06\/Cermakova6-845x563.jpg 845w\" sizes=\"(max-width: 1500px) 100vw, 1500px\" \/><\/a>\n\t\t\t<\/div>\n\t\t\t\t<figcaption class='wp-caption-text gallery-caption' id='gallery-1-3904'>\n\t\t\t\tUk\u00e1zka z instalace  \u010cerm\u00e1kov\u00e1\n\t\t\t\t<\/figcaption><\/figure>\n\t\t<\/div>\n\n<p>&nbsp;<\/p>\n","protected":false},"excerpt":{"rendered":"<p>b-adssdearflush3 aka m\u016fj v rok v relaxu a odpo\u010dinku \/ b-adssdearflush3 0254<\/p>\n","protected":false},"author":1,"featured_media":0,"comment_status":"closed","ping_status":"closed","sticky":false,"template":"","format":"standard","meta":{"footnotes":""},"categories":[74,77],"tags":[],"_links":{"self":[{"href":"https:\/\/photography.famu.cz\/archiv\/index.php?rest_route=\/wp\/v2\/posts\/3858"}],"collection":[{"href":"https:\/\/photography.famu.cz\/archiv\/index.php?rest_route=\/wp\/v2\/posts"}],"about":[{"href":"https:\/\/photography.famu.cz\/archiv\/index.php?rest_route=\/wp\/v2\/types\/post"}],"author":[{"embeddable":true,"href":"https:\/\/photography.famu.cz\/archiv\/index.php?rest_route=\/wp\/v2\/users\/1"}],"replies":[{"embeddable":true,"href":"https:\/\/photography.famu.cz\/archiv\/index.php?rest_route=%2Fwp%2Fv2%2Fcomments&post=3858"}],"version-history":[{"count":3,"href":"https:\/\/photography.famu.cz\/archiv\/index.php?rest_route=\/wp\/v2\/posts\/3858\/revisions"}],"predecessor-version":[{"id":3905,"href":"https:\/\/photography.famu.cz\/archiv\/index.php?rest_route=\/wp\/v2\/posts\/3858\/revisions\/3905"}],"wp:attachment":[{"href":"https:\/\/photography.famu.cz\/archiv\/index.php?rest_route=%2Fwp%2Fv2%2Fmedia&parent=3858"}],"wp:term":[{"taxonomy":"category","embeddable":true,"href":"https:\/\/photography.famu.cz\/archiv\/index.php?rest_route=%2Fwp%2Fv2%2Fcategories&post=3858"},{"taxonomy":"post_tag","embeddable":true,"href":"https:\/\/photography.famu.cz\/archiv\/index.php?rest_route=%2Fwp%2Fv2%2Ftags&post=3858"}],"curies":[{"name":"wp","href":"https:\/\/api.w.org\/{rel}","templated":true}]}}