{"id":4032,"date":"2022-07-13T15:15:59","date_gmt":"2022-07-13T14:15:59","guid":{"rendered":"http:\/\/foto.amu.cz\/archiv\/?p=4032"},"modified":"2022-07-13T15:15:59","modified_gmt":"2022-07-13T14:15:59","slug":"janickova-lenka","status":"publish","type":"post","link":"https:\/\/photography.famu.cz\/archiv\/?p=4032","title":{"rendered":"Jan\u00ed\u010dkov\u00e1 Lenka"},"content":{"rendered":"<p>Ke\u010f pojdeme spa\u0165, oni n\u00e1s bud\u00fa nasledova\u0165<br \/>\n0270<\/p>\n<p><!--more--><\/p>\n<div id='gallery-1' class='gallery galleryid-4032 gallery-columns-1 gallery-size-full'><figure class='gallery-item'>\n\t\t\t<div class='gallery-icon landscape'>\n\t\t\t\t<a href='https:\/\/photography.famu.cz\/archiv\/?attachment_id=4033'><img loading=\"lazy\" decoding=\"async\" width=\"1600\" height=\"1067\" src=\"https:\/\/photography.famu.cz\/archiv\/wp-content\/uploads\/2022\/07\/1_Lenka-Jan\u00ed\u010dkov\u00e1.jpg\" class=\"attachment-full size-full\" alt=\"\" aria-describedby=\"gallery-1-4033\" srcset=\"https:\/\/photography.famu.cz\/archiv\/wp-content\/uploads\/2022\/07\/1_Lenka-Jan\u00ed\u010dkov\u00e1.jpg 1600w, https:\/\/photography.famu.cz\/archiv\/wp-content\/uploads\/2022\/07\/1_Lenka-Jan\u00ed\u010dkov\u00e1-300x200.jpg 300w, https:\/\/photography.famu.cz\/archiv\/wp-content\/uploads\/2022\/07\/1_Lenka-Jan\u00ed\u010dkov\u00e1-845x564.jpg 845w\" sizes=\"(max-width: 1600px) 100vw, 1600px\" \/><\/a>\n\t\t\t<\/div>\n\t\t\t\t<figcaption class='wp-caption-text gallery-caption' id='gallery-1-4033'>\n\t\t\t\tuk\u00e1zka z instalace1\n\t\t\t\t<\/figcaption><\/figure><figure class='gallery-item'>\n\t\t\t<div class='gallery-icon landscape'>\n\t\t\t\t<a href='https:\/\/photography.famu.cz\/archiv\/?attachment_id=4034'><img loading=\"lazy\" decoding=\"async\" width=\"1600\" height=\"1067\" src=\"https:\/\/photography.famu.cz\/archiv\/wp-content\/uploads\/2022\/07\/2_Lenka-Jan\u00ed\u010dkov\u00e1.jpg\" class=\"attachment-full size-full\" alt=\"\" aria-describedby=\"gallery-1-4034\" srcset=\"https:\/\/photography.famu.cz\/archiv\/wp-content\/uploads\/2022\/07\/2_Lenka-Jan\u00ed\u010dkov\u00e1.jpg 1600w, https:\/\/photography.famu.cz\/archiv\/wp-content\/uploads\/2022\/07\/2_Lenka-Jan\u00ed\u010dkov\u00e1-300x200.jpg 300w, https:\/\/photography.famu.cz\/archiv\/wp-content\/uploads\/2022\/07\/2_Lenka-Jan\u00ed\u010dkov\u00e1-845x564.jpg 845w\" sizes=\"(max-width: 1600px) 100vw, 1600px\" \/><\/a>\n\t\t\t<\/div>\n\t\t\t\t<figcaption class='wp-caption-text gallery-caption' id='gallery-1-4034'>\n\t\t\t\tuk\u00e1zka z instalace2\n\t\t\t\t<\/figcaption><\/figure><figure class='gallery-item'>\n\t\t\t<div class='gallery-icon landscape'>\n\t\t\t\t<a href='https:\/\/photography.famu.cz\/archiv\/?attachment_id=4035'><img loading=\"lazy\" decoding=\"async\" width=\"1600\" height=\"1067\" src=\"https:\/\/photography.famu.cz\/archiv\/wp-content\/uploads\/2022\/07\/3_Lenka-Jan\u00ed\u010dkov\u00e1.jpg\" class=\"attachment-full size-full\" alt=\"\" aria-describedby=\"gallery-1-4035\" srcset=\"https:\/\/photography.famu.cz\/archiv\/wp-content\/uploads\/2022\/07\/3_Lenka-Jan\u00ed\u010dkov\u00e1.jpg 1600w, https:\/\/photography.famu.cz\/archiv\/wp-content\/uploads\/2022\/07\/3_Lenka-Jan\u00ed\u010dkov\u00e1-300x200.jpg 300w, https:\/\/photography.famu.cz\/archiv\/wp-content\/uploads\/2022\/07\/3_Lenka-Jan\u00ed\u010dkov\u00e1-845x564.jpg 845w\" sizes=\"(max-width: 1600px) 100vw, 1600px\" \/><\/a>\n\t\t\t<\/div>\n\t\t\t\t<figcaption class='wp-caption-text gallery-caption' id='gallery-1-4035'>\n\t\t\t\tuk\u00e1zka z instalace3\n\t\t\t\t<\/figcaption><\/figure><figure class='gallery-item'>\n\t\t\t<div class='gallery-icon landscape'>\n\t\t\t\t<a href='https:\/\/photography.famu.cz\/archiv\/?attachment_id=4036'><img loading=\"lazy\" decoding=\"async\" width=\"1600\" height=\"1067\" src=\"https:\/\/photography.famu.cz\/archiv\/wp-content\/uploads\/2022\/07\/4_Lenka-Jan\u00ed\u010dkov\u00e1.jpg\" class=\"attachment-full size-full\" alt=\"\" aria-describedby=\"gallery-1-4036\" srcset=\"https:\/\/photography.famu.cz\/archiv\/wp-content\/uploads\/2022\/07\/4_Lenka-Jan\u00ed\u010dkov\u00e1.jpg 1600w, https:\/\/photography.famu.cz\/archiv\/wp-content\/uploads\/2022\/07\/4_Lenka-Jan\u00ed\u010dkov\u00e1-300x200.jpg 300w, https:\/\/photography.famu.cz\/archiv\/wp-content\/uploads\/2022\/07\/4_Lenka-Jan\u00ed\u010dkov\u00e1-845x564.jpg 845w\" sizes=\"(max-width: 1600px) 100vw, 1600px\" \/><\/a>\n\t\t\t<\/div>\n\t\t\t\t<figcaption class='wp-caption-text gallery-caption' id='gallery-1-4036'>\n\t\t\t\tuk\u00e1zka z instalace4\n\t\t\t\t<\/figcaption><\/figure><figure class='gallery-item'>\n\t\t\t<div class='gallery-icon landscape'>\n\t\t\t\t<a href='https:\/\/photography.famu.cz\/archiv\/?attachment_id=4037'><img loading=\"lazy\" decoding=\"async\" width=\"1600\" height=\"1067\" src=\"https:\/\/photography.famu.cz\/archiv\/wp-content\/uploads\/2022\/07\/5_Lenka-Jan\u00ed\u010dkov\u00e1.jpg\" class=\"attachment-full size-full\" alt=\"\" aria-describedby=\"gallery-1-4037\" srcset=\"https:\/\/photography.famu.cz\/archiv\/wp-content\/uploads\/2022\/07\/5_Lenka-Jan\u00ed\u010dkov\u00e1.jpg 1600w, https:\/\/photography.famu.cz\/archiv\/wp-content\/uploads\/2022\/07\/5_Lenka-Jan\u00ed\u010dkov\u00e1-300x200.jpg 300w, https:\/\/photography.famu.cz\/archiv\/wp-content\/uploads\/2022\/07\/5_Lenka-Jan\u00ed\u010dkov\u00e1-845x564.jpg 845w\" sizes=\"(max-width: 1600px) 100vw, 1600px\" \/><\/a>\n\t\t\t<\/div>\n\t\t\t\t<figcaption class='wp-caption-text gallery-caption' id='gallery-1-4037'>\n\t\t\t\tuk\u00e1zka z instalace5\n\t\t\t\t<\/figcaption><\/figure><figure class='gallery-item'>\n\t\t\t<div class='gallery-icon landscape'>\n\t\t\t\t<a href='https:\/\/photography.famu.cz\/archiv\/?attachment_id=4038'><img loading=\"lazy\" decoding=\"async\" width=\"1600\" height=\"1067\" src=\"https:\/\/photography.famu.cz\/archiv\/wp-content\/uploads\/2022\/07\/6_Lenka-Jan\u00ed\u010dkov\u00e1_0.jpg\" class=\"attachment-full size-full\" alt=\"\" aria-describedby=\"gallery-1-4038\" srcset=\"https:\/\/photography.famu.cz\/archiv\/wp-content\/uploads\/2022\/07\/6_Lenka-Jan\u00ed\u010dkov\u00e1_0.jpg 1600w, https:\/\/photography.famu.cz\/archiv\/wp-content\/uploads\/2022\/07\/6_Lenka-Jan\u00ed\u010dkov\u00e1_0-300x200.jpg 300w, https:\/\/photography.famu.cz\/archiv\/wp-content\/uploads\/2022\/07\/6_Lenka-Jan\u00ed\u010dkov\u00e1_0-845x564.jpg 845w\" sizes=\"(max-width: 1600px) 100vw, 1600px\" \/><\/a>\n\t\t\t<\/div>\n\t\t\t\t<figcaption class='wp-caption-text gallery-caption' id='gallery-1-4038'>\n\t\t\t\tuk\u00e1zka z instalace6\n\t\t\t\t<\/figcaption><\/figure>\n\t\t<\/div>\n\n","protected":false},"excerpt":{"rendered":"<p>Ke\u010f pojdeme spa\u0165, oni n\u00e1s bud\u00fa nasledova\u0165 0270<\/p>\n","protected":false},"author":1,"featured_media":0,"comment_status":"closed","ping_status":"closed","sticky":false,"template":"","format":"standard","meta":{"footnotes":""},"categories":[79,80],"tags":[],"_links":{"self":[{"href":"https:\/\/photography.famu.cz\/archiv\/index.php?rest_route=\/wp\/v2\/posts\/4032"}],"collection":[{"href":"https:\/\/photography.famu.cz\/archiv\/index.php?rest_route=\/wp\/v2\/posts"}],"about":[{"href":"https:\/\/photography.famu.cz\/archiv\/index.php?rest_route=\/wp\/v2\/types\/post"}],"author":[{"embeddable":true,"href":"https:\/\/photography.famu.cz\/archiv\/index.php?rest_route=\/wp\/v2\/users\/1"}],"replies":[{"embeddable":true,"href":"https:\/\/photography.famu.cz\/archiv\/index.php?rest_route=%2Fwp%2Fv2%2Fcomments&post=4032"}],"version-history":[{"count":1,"href":"https:\/\/photography.famu.cz\/archiv\/index.php?rest_route=\/wp\/v2\/posts\/4032\/revisions"}],"predecessor-version":[{"id":4039,"href":"https:\/\/photography.famu.cz\/archiv\/index.php?rest_route=\/wp\/v2\/posts\/4032\/revisions\/4039"}],"wp:attachment":[{"href":"https:\/\/photography.famu.cz\/archiv\/index.php?rest_route=%2Fwp%2Fv2%2Fmedia&parent=4032"}],"wp:term":[{"taxonomy":"category","embeddable":true,"href":"https:\/\/photography.famu.cz\/archiv\/index.php?rest_route=%2Fwp%2Fv2%2Fcategories&post=4032"},{"taxonomy":"post_tag","embeddable":true,"href":"https:\/\/photography.famu.cz\/archiv\/index.php?rest_route=%2Fwp%2Fv2%2Ftags&post=4032"}],"curies":[{"name":"wp","href":"https:\/\/api.w.org\/{rel}","templated":true}]}}