{"id":4181,"date":"2022-11-03T22:53:01","date_gmt":"2022-11-03T21:53:01","guid":{"rendered":"http:\/\/foto.amu.cz\/archiv\/?p=4181"},"modified":"2022-11-03T22:53:01","modified_gmt":"2022-11-03T21:53:01","slug":"prochazka-jiri-2","status":"publish","type":"post","link":"https:\/\/photography.famu.cz\/archiv\/?p=4181","title":{"rendered":"Proch\u00e1zka Ji\u0159\u00ed"},"content":{"rendered":"<p>C\u00e9zannova jablka \/\u00a0C\u00e9zanne\u2019s Apples<br \/>\n0283<\/p>\n<p><!--more--><\/p>\n<div id='gallery-1' class='gallery galleryid-4181 gallery-columns-1 gallery-size-full'><figure class='gallery-item'>\n\t\t\t<div class='gallery-icon landscape'>\n\t\t\t\t<a href='https:\/\/photography.famu.cz\/archiv\/?attachment_id=4183'><img loading=\"lazy\" decoding=\"async\" width=\"1600\" height=\"1067\" src=\"https:\/\/photography.famu.cz\/archiv\/wp-content\/uploads\/2022\/11\/17_Ji\u0159\u00ed-Proch\u00e1zka.jpg\" class=\"attachment-full size-full\" alt=\"\" aria-describedby=\"gallery-1-4183\" srcset=\"https:\/\/photography.famu.cz\/archiv\/wp-content\/uploads\/2022\/11\/17_Ji\u0159\u00ed-Proch\u00e1zka.jpg 1600w, https:\/\/photography.famu.cz\/archiv\/wp-content\/uploads\/2022\/11\/17_Ji\u0159\u00ed-Proch\u00e1zka-300x200.jpg 300w, https:\/\/photography.famu.cz\/archiv\/wp-content\/uploads\/2022\/11\/17_Ji\u0159\u00ed-Proch\u00e1zka-845x564.jpg 845w\" sizes=\"(max-width: 1600px) 100vw, 1600px\" \/><\/a>\n\t\t\t<\/div>\n\t\t\t\t<figcaption class='wp-caption-text gallery-caption' id='gallery-1-4183'>\n\t\t\t\tuk\u00e1zka z instalace\n\t\t\t\t<\/figcaption><\/figure><figure class='gallery-item'>\n\t\t\t<div class='gallery-icon landscape'>\n\t\t\t\t<a href='https:\/\/photography.famu.cz\/archiv\/?attachment_id=4184'><img loading=\"lazy\" decoding=\"async\" width=\"1600\" height=\"1067\" src=\"https:\/\/photography.famu.cz\/archiv\/wp-content\/uploads\/2022\/11\/18_Ji\u0159\u00ed-Proch\u00e1zka.jpg\" class=\"attachment-full size-full\" alt=\"\" aria-describedby=\"gallery-1-4184\" srcset=\"https:\/\/photography.famu.cz\/archiv\/wp-content\/uploads\/2022\/11\/18_Ji\u0159\u00ed-Proch\u00e1zka.jpg 1600w, https:\/\/photography.famu.cz\/archiv\/wp-content\/uploads\/2022\/11\/18_Ji\u0159\u00ed-Proch\u00e1zka-300x200.jpg 300w, https:\/\/photography.famu.cz\/archiv\/wp-content\/uploads\/2022\/11\/18_Ji\u0159\u00ed-Proch\u00e1zka-845x564.jpg 845w\" sizes=\"(max-width: 1600px) 100vw, 1600px\" \/><\/a>\n\t\t\t<\/div>\n\t\t\t\t<figcaption class='wp-caption-text gallery-caption' id='gallery-1-4184'>\n\t\t\t\tuk\u00e1zka z instalace\n\t\t\t\t<\/figcaption><\/figure><figure class='gallery-item'>\n\t\t\t<div class='gallery-icon landscape'>\n\t\t\t\t<a href='https:\/\/photography.famu.cz\/archiv\/?attachment_id=4185'><img loading=\"lazy\" decoding=\"async\" width=\"1100\" height=\"898\" src=\"https:\/\/photography.famu.cz\/archiv\/wp-content\/uploads\/2022\/11\/19B_Ji\u0159\u00ed-Proch\u00e1zka.jpg\" class=\"attachment-full size-full\" alt=\"\" aria-describedby=\"gallery-1-4185\" srcset=\"https:\/\/photography.famu.cz\/archiv\/wp-content\/uploads\/2022\/11\/19B_Ji\u0159\u00ed-Proch\u00e1zka.jpg 1100w, https:\/\/photography.famu.cz\/archiv\/wp-content\/uploads\/2022\/11\/19B_Ji\u0159\u00ed-Proch\u00e1zka-300x245.jpg 300w, https:\/\/photography.famu.cz\/archiv\/wp-content\/uploads\/2022\/11\/19B_Ji\u0159\u00ed-Proch\u00e1zka-845x690.jpg 845w\" sizes=\"(max-width: 1100px) 100vw, 1100px\" \/><\/a>\n\t\t\t<\/div>\n\t\t\t\t<figcaption class='wp-caption-text gallery-caption' id='gallery-1-4185'>\n\t\t\t\tuk\u00e1zka z instalace\n\t\t\t\t<\/figcaption><\/figure><figure class='gallery-item'>\n\t\t\t<div class='gallery-icon landscape'>\n\t\t\t\t<a href='https:\/\/photography.famu.cz\/archiv\/?attachment_id=4182'><img loading=\"lazy\" decoding=\"async\" width=\"1075\" height=\"908\" src=\"https:\/\/photography.famu.cz\/archiv\/wp-content\/uploads\/2022\/11\/20B_Ji\u0159\u00ed-Proch\u00e1zka.jpg\" class=\"attachment-full size-full\" alt=\"\" aria-describedby=\"gallery-1-4182\" srcset=\"https:\/\/photography.famu.cz\/archiv\/wp-content\/uploads\/2022\/11\/20B_Ji\u0159\u00ed-Proch\u00e1zka.jpg 1075w, https:\/\/photography.famu.cz\/archiv\/wp-content\/uploads\/2022\/11\/20B_Ji\u0159\u00ed-Proch\u00e1zka-300x253.jpg 300w, https:\/\/photography.famu.cz\/archiv\/wp-content\/uploads\/2022\/11\/20B_Ji\u0159\u00ed-Proch\u00e1zka-845x714.jpg 845w\" sizes=\"(max-width: 1075px) 100vw, 1075px\" \/><\/a>\n\t\t\t<\/div>\n\t\t\t\t<figcaption class='wp-caption-text gallery-caption' id='gallery-1-4182'>\n\t\t\t\tuk\u00e1zka z instalace\n\t\t\t\t<\/figcaption><\/figure>\n\t\t<\/div>\n\n","protected":false},"excerpt":{"rendered":"<p>C\u00e9zannova jablka \/\u00a0C\u00e9zanne\u2019s Apples 0283<\/p>\n","protected":false},"author":1,"featured_media":0,"comment_status":"closed","ping_status":"closed","sticky":false,"template":"","format":"standard","meta":{"footnotes":""},"categories":[79,81],"tags":[],"_links":{"self":[{"href":"https:\/\/photography.famu.cz\/archiv\/index.php?rest_route=\/wp\/v2\/posts\/4181"}],"collection":[{"href":"https:\/\/photography.famu.cz\/archiv\/index.php?rest_route=\/wp\/v2\/posts"}],"about":[{"href":"https:\/\/photography.famu.cz\/archiv\/index.php?rest_route=\/wp\/v2\/types\/post"}],"author":[{"embeddable":true,"href":"https:\/\/photography.famu.cz\/archiv\/index.php?rest_route=\/wp\/v2\/users\/1"}],"replies":[{"embeddable":true,"href":"https:\/\/photography.famu.cz\/archiv\/index.php?rest_route=%2Fwp%2Fv2%2Fcomments&post=4181"}],"version-history":[{"count":1,"href":"https:\/\/photography.famu.cz\/archiv\/index.php?rest_route=\/wp\/v2\/posts\/4181\/revisions"}],"predecessor-version":[{"id":4186,"href":"https:\/\/photography.famu.cz\/archiv\/index.php?rest_route=\/wp\/v2\/posts\/4181\/revisions\/4186"}],"wp:attachment":[{"href":"https:\/\/photography.famu.cz\/archiv\/index.php?rest_route=%2Fwp%2Fv2%2Fmedia&parent=4181"}],"wp:term":[{"taxonomy":"category","embeddable":true,"href":"https:\/\/photography.famu.cz\/archiv\/index.php?rest_route=%2Fwp%2Fv2%2Fcategories&post=4181"},{"taxonomy":"post_tag","embeddable":true,"href":"https:\/\/photography.famu.cz\/archiv\/index.php?rest_route=%2Fwp%2Fv2%2Ftags&post=4181"}],"curies":[{"name":"wp","href":"https:\/\/api.w.org\/{rel}","templated":true}]}}