{"id":4200,"date":"2023-11-25T21:14:26","date_gmt":"2023-11-25T20:14:26","guid":{"rendered":"http:\/\/foto.amu.cz\/archiv\/?p=4200"},"modified":"2023-11-27T10:26:06","modified_gmt":"2023-11-27T09:26:06","slug":"hajkova-natalie","status":"publish","type":"post","link":"https:\/\/photography.famu.cz\/archiv\/?p=4200","title":{"rendered":"H\u00e1jkov\u00e1 Nat\u00e1lie"},"content":{"rendered":"\n<p>Cykly: jaro, l\u00e9to, podzim, zima<br>287<br><\/p>\n\n\n\n<!--more-->\n\n\n\n<ul class=\"wp-block-gallery columns-2 is-cropped wp-block-gallery-1 is-layout-flex wp-block-gallery-is-layout-flex\"><li class=\"blocks-gallery-item\"><figure><img loading=\"lazy\" decoding=\"async\" width=\"683\" height=\"1024\" src=\"http:\/\/foto.amu.cz\/archiv\/wp-content\/uploads\/2023\/11\/hajkova_hybernska-2-683x1024.jpg\" alt=\"\" data-id=\"4201\" data-link=\"http:\/\/foto.amu.cz\/archiv\/?attachment_id=4201\" class=\"wp-image-4201\" srcset=\"https:\/\/photography.famu.cz\/archiv\/wp-content\/uploads\/2023\/11\/hajkova_hybernska-2-683x1024.jpg 683w, https:\/\/photography.famu.cz\/archiv\/wp-content\/uploads\/2023\/11\/hajkova_hybernska-2-200x300.jpg 200w, https:\/\/photography.famu.cz\/archiv\/wp-content\/uploads\/2023\/11\/hajkova_hybernska-2-768x1152.jpg 768w\" sizes=\"(max-width: 683px) 100vw, 683px\" \/><\/figure><\/li><li class=\"blocks-gallery-item\"><figure><img loading=\"lazy\" decoding=\"async\" width=\"683\" height=\"1024\" src=\"http:\/\/foto.amu.cz\/archiv\/wp-content\/uploads\/2023\/11\/hajkova_hybernska-4-683x1024.jpg\" alt=\"\" data-id=\"4202\" data-link=\"http:\/\/foto.amu.cz\/archiv\/?attachment_id=4202\" class=\"wp-image-4202\" srcset=\"https:\/\/photography.famu.cz\/archiv\/wp-content\/uploads\/2023\/11\/hajkova_hybernska-4-683x1024.jpg 683w, https:\/\/photography.famu.cz\/archiv\/wp-content\/uploads\/2023\/11\/hajkova_hybernska-4-200x300.jpg 200w, https:\/\/photography.famu.cz\/archiv\/wp-content\/uploads\/2023\/11\/hajkova_hybernska-4-768x1152.jpg 768w\" sizes=\"(max-width: 683px) 100vw, 683px\" \/><\/figure><\/li><li class=\"blocks-gallery-item\"><figure><img loading=\"lazy\" decoding=\"async\" width=\"845\" height=\"563\" src=\"http:\/\/foto.amu.cz\/archiv\/wp-content\/uploads\/2023\/11\/hajkova_hybernska-5-845x563.jpg\" alt=\"\" data-id=\"4203\" data-link=\"http:\/\/foto.amu.cz\/archiv\/?attachment_id=4203\" class=\"wp-image-4203\" srcset=\"https:\/\/photography.famu.cz\/archiv\/wp-content\/uploads\/2023\/11\/hajkova_hybernska-5-845x563.jpg 845w, https:\/\/photography.famu.cz\/archiv\/wp-content\/uploads\/2023\/11\/hajkova_hybernska-5-300x200.jpg 300w, https:\/\/photography.famu.cz\/archiv\/wp-content\/uploads\/2023\/11\/hajkova_hybernska-5-768x512.jpg 768w\" sizes=\"(max-width: 845px) 100vw, 845px\" \/><\/figure><\/li><\/ul>\n\n\n\n<p><\/p>\n\n\n\n<p><\/p>\n\n\n\n<p><\/p>\n","protected":false},"excerpt":{"rendered":"<p>Cykly: jaro, l\u00e9to, podzim, zima287<\/p>\n","protected":false},"author":1,"featured_media":0,"comment_status":"closed","ping_status":"closed","sticky":false,"template":"","format":"standard","meta":{"footnotes":""},"categories":[82,83],"tags":[],"_links":{"self":[{"href":"https:\/\/photography.famu.cz\/archiv\/index.php?rest_route=\/wp\/v2\/posts\/4200"}],"collection":[{"href":"https:\/\/photography.famu.cz\/archiv\/index.php?rest_route=\/wp\/v2\/posts"}],"about":[{"href":"https:\/\/photography.famu.cz\/archiv\/index.php?rest_route=\/wp\/v2\/types\/post"}],"author":[{"embeddable":true,"href":"https:\/\/photography.famu.cz\/archiv\/index.php?rest_route=\/wp\/v2\/users\/1"}],"replies":[{"embeddable":true,"href":"https:\/\/photography.famu.cz\/archiv\/index.php?rest_route=%2Fwp%2Fv2%2Fcomments&post=4200"}],"version-history":[{"count":7,"href":"https:\/\/photography.famu.cz\/archiv\/index.php?rest_route=\/wp\/v2\/posts\/4200\/revisions"}],"predecessor-version":[{"id":4238,"href":"https:\/\/photography.famu.cz\/archiv\/index.php?rest_route=\/wp\/v2\/posts\/4200\/revisions\/4238"}],"wp:attachment":[{"href":"https:\/\/photography.famu.cz\/archiv\/index.php?rest_route=%2Fwp%2Fv2%2Fmedia&parent=4200"}],"wp:term":[{"taxonomy":"category","embeddable":true,"href":"https:\/\/photography.famu.cz\/archiv\/index.php?rest_route=%2Fwp%2Fv2%2Fcategories&post=4200"},{"taxonomy":"post_tag","embeddable":true,"href":"https:\/\/photography.famu.cz\/archiv\/index.php?rest_route=%2Fwp%2Fv2%2Ftags&post=4200"}],"curies":[{"name":"wp","href":"https:\/\/api.w.org\/{rel}","templated":true}]}}