{"id":4267,"date":"2023-12-02T21:08:48","date_gmt":"2023-12-02T20:08:48","guid":{"rendered":"http:\/\/foto.amu.cz\/archiv\/?p=4267"},"modified":"2023-12-17T18:23:55","modified_gmt":"2023-12-17T17:23:55","slug":"janathan-a-machander","status":"publish","type":"post","link":"https:\/\/photography.famu.cz\/archiv\/?p=4267","title":{"rendered":"Machander Jonathan"},"content":{"rendered":"\n<p>Smrt v\u00e1le\u010dn\u00edka \/ The Death of the Warrior<br>290<\/p>\n\n\n\n<!--more-->\n\n\n\n<ul class=\"wp-block-gallery columns-2 is-cropped wp-block-gallery-1 is-layout-flex wp-block-gallery-is-layout-flex\"><li class=\"blocks-gallery-item\"><figure><img loading=\"lazy\" decoding=\"async\" width=\"682\" height=\"1024\" src=\"http:\/\/foto.amu.cz\/archiv\/wp-content\/uploads\/2023\/11\/T\u011b\u017ece-rozst\u0159\u00edlen\u00fd-bojovn\u00edk-4-682x1024.jpg\" alt=\"\" data-id=\"4260\" data-link=\"http:\/\/foto.amu.cz\/archiv\/?attachment_id=4260\" class=\"wp-image-4260\" srcset=\"https:\/\/photography.famu.cz\/archiv\/wp-content\/uploads\/2023\/11\/T\u011b\u017ece-rozst\u0159\u00edlen\u00fd-bojovn\u00edk-4-682x1024.jpg 682w, https:\/\/photography.famu.cz\/archiv\/wp-content\/uploads\/2023\/11\/T\u011b\u017ece-rozst\u0159\u00edlen\u00fd-bojovn\u00edk-4-200x300.jpg 200w, https:\/\/photography.famu.cz\/archiv\/wp-content\/uploads\/2023\/11\/T\u011b\u017ece-rozst\u0159\u00edlen\u00fd-bojovn\u00edk-4-768x1152.jpg 768w, https:\/\/photography.famu.cz\/archiv\/wp-content\/uploads\/2023\/11\/T\u011b\u017ece-rozst\u0159\u00edlen\u00fd-bojovn\u00edk-4.jpg 1333w\" sizes=\"(max-width: 682px) 100vw, 682px\" \/><\/figure><\/li><li class=\"blocks-gallery-item\"><figure><img loading=\"lazy\" decoding=\"async\" width=\"682\" height=\"1024\" src=\"http:\/\/foto.amu.cz\/archiv\/wp-content\/uploads\/2023\/11\/Bojovn\u00edk-p\u0159ed-st\u0159elbou-682x1024.jpg\" alt=\"\" data-id=\"4251\" data-link=\"http:\/\/foto.amu.cz\/archiv\/?attachment_id=4251\" class=\"wp-image-4251\" srcset=\"https:\/\/photography.famu.cz\/archiv\/wp-content\/uploads\/2023\/11\/Bojovn\u00edk-p\u0159ed-st\u0159elbou-682x1024.jpg 682w, https:\/\/photography.famu.cz\/archiv\/wp-content\/uploads\/2023\/11\/Bojovn\u00edk-p\u0159ed-st\u0159elbou-200x300.jpg 200w, https:\/\/photography.famu.cz\/archiv\/wp-content\/uploads\/2023\/11\/Bojovn\u00edk-p\u0159ed-st\u0159elbou-768x1152.jpg 768w, https:\/\/photography.famu.cz\/archiv\/wp-content\/uploads\/2023\/11\/Bojovn\u00edk-p\u0159ed-st\u0159elbou.jpg 1333w\" sizes=\"(max-width: 682px) 100vw, 682px\" \/><\/figure><\/li><li class=\"blocks-gallery-item\"><figure><img loading=\"lazy\" decoding=\"async\" width=\"845\" height=\"563\" src=\"http:\/\/foto.amu.cz\/archiv\/wp-content\/uploads\/2023\/11\/Detail-obrazovky-1-845x563.jpg\" alt=\"\" data-id=\"4249\" data-link=\"http:\/\/foto.amu.cz\/archiv\/?attachment_id=4249\" class=\"wp-image-4249\" srcset=\"https:\/\/photography.famu.cz\/archiv\/wp-content\/uploads\/2023\/11\/Detail-obrazovky-1-845x563.jpg 845w, https:\/\/photography.famu.cz\/archiv\/wp-content\/uploads\/2023\/11\/Detail-obrazovky-1-300x200.jpg 300w, https:\/\/photography.famu.cz\/archiv\/wp-content\/uploads\/2023\/11\/Detail-obrazovky-1-768x512.jpg 768w, https:\/\/photography.famu.cz\/archiv\/wp-content\/uploads\/2023\/11\/Detail-obrazovky-1.jpg 2000w\" sizes=\"(max-width: 845px) 100vw, 845px\" \/><\/figure><\/li><\/ul>\n","protected":false},"excerpt":{"rendered":"<p>Smrt v\u00e1le\u010dn\u00edka \/ The Death of the Warrior290<\/p>\n","protected":false},"author":1,"featured_media":0,"comment_status":"closed","ping_status":"closed","sticky":false,"template":"","format":"standard","meta":{"footnotes":""},"categories":[82,83],"tags":[],"_links":{"self":[{"href":"https:\/\/photography.famu.cz\/archiv\/index.php?rest_route=\/wp\/v2\/posts\/4267"}],"collection":[{"href":"https:\/\/photography.famu.cz\/archiv\/index.php?rest_route=\/wp\/v2\/posts"}],"about":[{"href":"https:\/\/photography.famu.cz\/archiv\/index.php?rest_route=\/wp\/v2\/types\/post"}],"author":[{"embeddable":true,"href":"https:\/\/photography.famu.cz\/archiv\/index.php?rest_route=\/wp\/v2\/users\/1"}],"replies":[{"embeddable":true,"href":"https:\/\/photography.famu.cz\/archiv\/index.php?rest_route=%2Fwp%2Fv2%2Fcomments&post=4267"}],"version-history":[{"count":2,"href":"https:\/\/photography.famu.cz\/archiv\/index.php?rest_route=\/wp\/v2\/posts\/4267\/revisions"}],"predecessor-version":[{"id":4270,"href":"https:\/\/photography.famu.cz\/archiv\/index.php?rest_route=\/wp\/v2\/posts\/4267\/revisions\/4270"}],"wp:attachment":[{"href":"https:\/\/photography.famu.cz\/archiv\/index.php?rest_route=%2Fwp%2Fv2%2Fmedia&parent=4267"}],"wp:term":[{"taxonomy":"category","embeddable":true,"href":"https:\/\/photography.famu.cz\/archiv\/index.php?rest_route=%2Fwp%2Fv2%2Fcategories&post=4267"},{"taxonomy":"post_tag","embeddable":true,"href":"https:\/\/photography.famu.cz\/archiv\/index.php?rest_route=%2Fwp%2Fv2%2Ftags&post=4267"}],"curies":[{"name":"wp","href":"https:\/\/api.w.org\/{rel}","templated":true}]}}